{"id":150,"date":"2016-11-15T12:54:28","date_gmt":"2016-11-15T17:54:28","guid":{"rendered":"http:\/\/alkilautos.com\/blog\/?p=150"},"modified":"2024-05-03T09:01:47","modified_gmt":"2024-05-03T14:01:47","slug":"los-mejores-sitios-turisticos-del-eje-cafetero","status":"publish","type":"post","link":"https:\/\/alkilautos.com\/blog\/colombia\/los-mejores-sitios-turisticos-del-eje-cafetero\/","title":{"rendered":"Encuentra aqu\u00ed los mejores sitios tur\u00edsticos del Eje Cafetero"},"content":{"rendered":"<div class=\"wpb-content-wrapper\"><p>[vc_row][vc_column][vc_column_text]<\/p>\n<p style=\"text-align: justify;\"><span style=\"font-size: 12pt;\">Queremos presentarte los mejores sitios tur\u00edsticos del Eje Cafetero para que prepares desde ya tus vacaciones. Colombia es un pa\u00eds con una gran biodiversidad en sus paisajes, y una de las regiones destacada es el Eje Cafetero, ubicada en los departamentos de Caldas, Risaralda, Quind\u00edo y el norte del Valle del Cauca.<\/span><\/p>\n<p style=\"text-align: justify;\"><span style=\"font-size: 12pt;\"><strong>Cabe mencionar que \u00a0por su importancia cultural y hermoso paisaje, el Eje Cafetero fue declarado en el a\u00f1o 2011 por la Unesco como Patrimonio de la Humanidad<\/strong>. Manizales, Pereira y Armenia, capitales de los departamentos que conforman esta regi\u00f3n cafetera tan importante de Colombia, cuentan con lugares especiales esperando por los visitantes que deseen tener una gran experiencia llena de historia y mucho caf\u00e9.<\/span><\/p>\n<h6 style=\"text-align: justify;\"><em><span style=\"font-size: 12pt;\"><strong>VER: <a href=\"https:\/\/alkilautos.com\/blog\/general\/beneficios-de-viajar\/\">Beneficios de viajar y conocer nuevos lugares<\/a><\/strong><\/span><\/em><\/h6>\n<p style=\"text-align: justify;\"><span style=\"font-size: 12pt;\"><img class=\"size-medium wp-image-152 alignright\" src=\"http:\/\/alkilautos.com\/blog\/wp-content\/uploads\/2016\/11\/Recolectora-de-cafe-300x188.png\" alt=\"recolectora-de-cafe\" width=\"300\" height=\"188\" srcset=\"https:\/\/alkilautos.com\/blog\/wp-content\/uploads\/2016\/11\/Recolectora-de-cafe-300x188.png 300w, https:\/\/alkilautos.com\/blog\/wp-content\/uploads\/2016\/11\/Recolectora-de-cafe.png 400w\" sizes=\"(max-width: 300px) 100vw, 300px\" \/><\/span><\/p>\n<p style=\"text-align: justify;\"><span style=\"font-size: 12pt;\">Hay clima para todos los gustos, desde los -8\u00b0C en los Nevados hasta los 29\u00b0C en los Valles, donde se \u00a0mezclan un gran panorama natural con conocimientos culturales. <strong>En esta regi\u00f3n de bosque tropical andino crece la producci\u00f3n de caf\u00e9 de alta calidad reconocido a nivel mundial<\/strong>, sembrado por campesinos de la regi\u00f3n con t\u00e9cnicas de cultivo, recolecci\u00f3n y procesamiento del grano de forma manual. Todo un show pedag\u00f3gico cafetero.<\/span><\/p>\n<p style=\"text-align: justify;\"><span style=\"font-size: 12pt;\">Viajar a los mejores sitios tur\u00edsticos del Eje Cafetero es una gran oportunidad para conocer de primera mano las razones del porqu\u00e9 Juan Valdez, el famoso campesino paisa que viste carriel, sombrero aguade\u00f1o y poncho, acompa\u00f1ado de su mula, creado por la Federaci\u00f3n Nacional de Cafeteros de Colombia, ha sido todo un \u00e9xito a nivel mundial, llevando no solo la idea de la excelencia del caf\u00e9 de nuestro pa\u00eds a muchas regiones sino dando una mejor imagen de nosotros en el extranjero.<\/span><\/p>\n<h4 style=\"text-align: center;\"><span style=\"font-size: 12pt;\"><b>Ten en cuenta para ir a los mejores sitios tur\u00edsticos del Eje Cafetero<\/b><\/span><\/h4>\n<p style=\"text-align: justify;\"><span style=\"font-size: 12pt;\">Por fortuna, los cuatro departamentos, <strong>Caldas, Quind\u00edo, Risaralda y el norte del Valle del Cauca, est\u00e1n bien conectados por carreteras en buen estado a distancias cortas<\/strong>. La arquitectura de los pueblos que pueden verse por el camino es muy parecida, no te preocupes si llegas a un destino diferente al que pensabas, todo son hermosos y con mucha cultura por conocer.<\/span><\/p>\n<p style=\"text-align: justify;\"><span style=\"font-size: 12pt;\">El com\u00fan denominador son los colores llamativos de las casas, la gentileza de los paisas y por supuesto el innegable aroma de caf\u00e9 colombiano que all\u00ed se cultiva. Prep\u00e1rate para conocer la excelencia del caf\u00e9 mundial, orgullosamente de nuestro pa\u00eds. Es un paseo que vale la pena repetir.<\/span><\/p>\n<h6 style=\"text-align: justify;\"><em><span style=\"font-size: 12pt;\"><strong>VER: <a href=\"https:\/\/alkilautos.com\/alquiler-carros-pereira\/\">alquiler de carro en Pereira<\/a><\/strong><\/span><\/em><\/h6>\n<p style=\"text-align: justify;\"><span style=\"font-size: 12pt;\">En este viaje por carretera podr\u00e1s adentrarte gratamente en los paisajes de haciendas y monta\u00f1as llenas de vegetaci\u00f3n cafetera. Te recomendamos viajar con paciencia para que puedas vivir completamente la experiencia que involucra cada uno de estos lugares.<\/span><\/p>\n<p style=\"text-align: justify;\"><span style=\"font-size: 12pt;\"><strong>Adem\u00e1s de todo el tema cultural del caf\u00e9 en los mejores sitios tur\u00edsticos del Eje Cafetero, podr\u00e1s encontrar planes como visitas a reservas naturales, deportes extremos y de aventura, gastronom\u00eda exquisita, caminatas en hermosos paisajes naturales, parques tem\u00e1ticos, entre otros.<\/strong> La oferta es bastante amplia.<\/span><\/p>\n<h4 style=\"text-align: center;\"><span style=\"font-size: 12pt;\"><b><img class=\"aligncenter size-cheerup-main-full wp-image-4081\" src=\"https:\/\/alkilautos.com\/blog\/wp-content\/uploads\/2022\/02\/eje-cafetero-zona-cafetera1-1170x489.jpg\" alt=\"\" width=\"770\" height=\"322\" \/><\/b><\/span><\/h4>\n<h4 style=\"text-align: center;\"><span style=\"font-size: 12pt;\"><b>8 de los mejores sitios tur\u00edsticos del Eje Cafetero que debes visitar<\/b><\/span><\/h4>\n<p style=\"text-align: justify;\"><span style=\"font-size: 12pt;\">Tomamos como sugerencia la idea que nos dan en Colombia.Travel: imagina y traza un tri\u00e1ngulo en el mapa para que identifiques los destinos que vas a recorrer y as\u00ed mismo comenzar el viaje se\u00f1alado por cafetales:<\/span><\/p>\n<p style=\"text-align: justify;\"><span style=\"font-size: 12pt;\"><strong>1.<\/strong>\u00a0<span style=\"text-decoration: underline;\"><strong>Calarc\u00e1<\/strong><\/span>: Se encuentra en el departamento del Quind\u00edo, te encontrar\u00e1s con un lugar lleno de mucho color, podr\u00e1s ver los Jeep Willys, carro emblem\u00e1tico de la regi\u00f3n; adem\u00e1s, visitar el Jard\u00edn Bot\u00e1nico y el Mariposario del Quind\u00edo.<\/span><\/p>\n<p style=\"text-align: justify;\"><span style=\"font-size: 12pt;\"><strong>2.<\/strong> <span style=\"text-decoration: underline;\"><strong>Armenia<\/strong><\/span>: Luego llegas a la capital del Quind\u00edo, puedes hacer caminatas por varios lugares emblem\u00e1ticos de la ciudad como el Parque de la Vida, la Plaza de Bol\u00edvar, la estaci\u00f3n del ferrocarril y el Museo del Quimbaya, acompa\u00f1ado de un delicioso tinto o caf\u00e9 con leche.<\/span><\/p>\n<p style=\"text-align: justify;\"><span style=\"font-size: 12pt;\"><strong>3.<\/strong> <span style=\"text-decoration: underline;\"><strong>Salento<\/strong><\/span>: Municipio de acceso al Parque Nacional Natural Los Nevados por el Valle del Cocora, donde encuentras el \u00e1rbol nacional que crece en clima fr\u00edo y los bosques de palma de cera. Es un sitio colorido y con una hermosa arquitectura heredada de la colonizaci\u00f3n antioque\u00f1a.<\/span><\/p>\n<p style=\"text-align: justify;\"><span style=\"font-size: 12pt;\"><img class=\"aligncenter size-full wp-image-662\" src=\"https:\/\/alkilautos.com\/blog\/wp-content\/uploads\/2017\/04\/17.04.12-Salento.jpg\" alt=\"\" width=\"700\" height=\"466\" \/><\/span><\/p>\n<h6 style=\"text-align: justify;\"><em><span style=\"font-size: 12pt;\"><strong>VER: <a href=\"https:\/\/alkilautos.com\/alquiler-carros-bogota\/\">alquiler de carro en Bogot\u00e1<\/a><\/strong><\/span><\/em><\/h6>\n<p style=\"text-align: justify;\"><span style=\"font-size: 12pt;\"><strong>4. <span style=\"text-decoration: underline;\">Finlandia<\/span><\/strong>: Por la carretera en buen estado te podr\u00e1s encontrar las reservas de los bosques Barbas y Bremen, un lugar para conocer muchas historias con un excepcional mirador hecho en mangle que da una panor\u00e1mica hermosa de municipios cercanos.<\/span><\/p>\n<p style=\"text-align: justify;\"><span style=\"font-size: 12pt;\"><strong>5.<\/strong> <span style=\"text-decoration: underline;\"><strong>Pereira<\/strong><\/span>: Es la capital de departamento de Risaralda al que llegas despu\u00e9s de cruzar el representativo peaje de guadua sobre la Autopista del Caf\u00e9. Puedes visitar lugares como la Plaza de Bol\u00edvar donde se resalta la figura del Libertador desnudo y la catedral Nuestra Se\u00f1ora de la Pobreza, el Zool\u00f3gico Mateca\u00f1a, el jard\u00edn bot\u00e1nico de la Universidad Tecnol\u00f3gica.<\/span><\/p>\n<p style=\"text-align: justify;\"><span style=\"font-size: 12pt;\">Hay otros lugares que rodean la capital risaraldense, para llegar a ellos te encuentras escenarios dotados por haciendas y fincas cafeteras para visitar: Santa Rosa de Cabal y sus termales, El Parque de Los Nevados, el Santuario de Fauna y Flora Ot\u00fan Quimbaya, el acceso a la laguna del Ot\u00fan, y la poblaci\u00f3n de Marsella, destacada por el desfile de bultos de caf\u00e9 y los \u201cYipaos\u201d o Jeep Willys<\/span><\/p>\n<p style=\"text-align: justify;\"><span style=\"font-size: 12pt;\"><img class=\"aligncenter size-cheerup-main-full wp-image-4084\" src=\"https:\/\/alkilautos.com\/blog\/wp-content\/uploads\/2022\/02\/pereira-risardalda...-1170x508.jpg\" alt=\"alquiler de carro en Pereira\" width=\"770\" height=\"334\" srcset=\"https:\/\/alkilautos.com\/blog\/wp-content\/uploads\/2022\/02\/pereira-risardalda...-1170x508.jpg 1170w, https:\/\/alkilautos.com\/blog\/wp-content\/uploads\/2022\/02\/pereira-risardalda...-300x131.jpg 300w\" sizes=\"(max-width: 770px) 100vw, 770px\" \/><\/span><\/p>\n<h6 style=\"text-align: justify;\"><em><span style=\"font-size: 12pt;\"><b>Para tu facilidad, mira aqu\u00ed el <\/b><a href=\"https:\/\/goo.gl\/IpXql9\"><b>mapa del Eje Cafetero<\/b><\/a><b>.<\/b><\/span><\/em><\/h6>\n<p style=\"text-align: justify;\"><span style=\"font-size: 12pt;\"><strong>6. <span style=\"text-decoration: underline;\">Chinchin\u00e1<\/span><\/strong>: En el departamento de Caldas, es uno de los sitios m\u00e1s importantes en producci\u00f3n cafetera donde funciona el Centro de Investigaci\u00f3n del Caf\u00e9. Posteriormente te encuentras con Villamar\u00eda, un lugar de la ruta al Nevado del Ru\u00edz, el m\u00e1s importante del Parque Los Nevados.<\/span><\/p>\n<p style=\"text-align: justify;\"><span style=\"font-size: 12pt;\"><strong>7. <span style=\"text-decoration: underline;\">Manizales<\/span><\/strong>: Capital del departamento de Caldas, caracterizada por sus calles empinadas y su famosa feria. Puedes visitar la catedral en la Plaza de Bol\u00edvar, el ecoparque los Yarumos y la estaci\u00f3n del Cable. Hacia el norte de Caldas puedes encontrar las poblaciones de Neira, conocido por su arquitectura en guadua y Salamina, donde podr\u00e1s volar en parapente.<\/span><\/p>\n<p style=\"text-align: justify;\"><span style=\"font-size: 12pt;\"><strong><img class=\"aligncenter wp-image-2419\" src=\"https:\/\/alkilautos.com\/blog\/wp-content\/uploads\/2016\/11\/17.07.07-Sitios-turisticos-del-eje-cafetero-manizales.jpg\" alt=\"Sitios turisticos del eje cafetero - manizales\" width=\"791\" height=\"593\" srcset=\"https:\/\/alkilautos.com\/blog\/wp-content\/uploads\/2016\/11\/17.07.07-Sitios-turisticos-del-eje-cafetero-manizales.jpg 1024w, https:\/\/alkilautos.com\/blog\/wp-content\/uploads\/2016\/11\/17.07.07-Sitios-turisticos-del-eje-cafetero-manizales-300x225.jpg 300w, https:\/\/alkilautos.com\/blog\/wp-content\/uploads\/2016\/11\/17.07.07-Sitios-turisticos-del-eje-cafetero-manizales-768x576.jpg 768w\" sizes=\"(max-width: 791px) 100vw, 791px\" \/><\/strong><\/span><\/p>\n<p style=\"text-align: justify;\"><span style=\"font-size: 12pt;\"><strong>8. <span style=\"text-decoration: underline;\">Panaca y El Parque Nacional del Caf\u00e9<\/span><\/strong>: si tu opci\u00f3n es regresar de nuevo al Quind\u00edo, puedes volver por Pereira para visitar los parques tem\u00e1ticos como Panaca en el municipio de Quimbaya y el Parque Nacional del Caf\u00e9 en Montenegro.<\/span><\/p>\n<h6 style=\"text-align: justify;\"><\/h6>\n<h4 style=\"text-align: justify;\"><span style=\"font-size: 12pt;\"><strong>Recomendaci\u00f3n curiosa:<\/strong><\/span><\/h4>\n<p style=\"text-align: justify;\"><span style=\"font-size: 12pt;\"><img class=\"size-medium wp-image-155 alignleft\" src=\"http:\/\/alkilautos.com\/blog\/wp-content\/uploads\/2016\/11\/Parque-del-Cafe-300x225.jpg\" alt=\"parque-del-cafe\" width=\"300\" height=\"225\" srcset=\"https:\/\/alkilautos.com\/blog\/wp-content\/uploads\/2016\/11\/Parque-del-Cafe-300x225.jpg 300w, https:\/\/alkilautos.com\/blog\/wp-content\/uploads\/2016\/11\/Parque-del-Cafe-768x576.jpg 768w, https:\/\/alkilautos.com\/blog\/wp-content\/uploads\/2016\/11\/Parque-del-Cafe-1024x768.jpg 1024w, https:\/\/alkilautos.com\/blog\/wp-content\/uploads\/2016\/11\/Parque-del-Cafe.jpg 1200w\" sizes=\"(max-width: 300px) 100vw, 300px\" \/>Claramente para vivir al m\u00e1ximo esta experiencia debes viajar en carro. <a href=\"https:\/\/alkilautos.com\/\">Nosotros tenemos <strong>aqu\u00ed<\/strong> el veh\u00edculo ideal de acuerdo<\/a> a tu plan y a la compa\u00f1\u00eda: <strong>rom\u00e1ntico con tu pareja, familiar con todos los integrantes, explorador con tus amigos<\/strong>. Ingresa ya, a <strong><a href=\"https:\/\/www.alkilautos.com\/\">alkilautos.com<\/a><\/strong>,\u00a0reserva y aprovecha la <strong><a href=\"https:\/\/alkilautos.com\/ofertas\/\">promoci\u00f3n<\/a><\/strong> para conocer los mejores sitios del Eje Cafetero.<\/span><\/p>\n<p style=\"text-align: justify;\"><span style=\"font-size: 12pt;\">\u201cPor la zona podr\u00e1s encontrar varias actividades y atractivos para conocer donde se destacan r\u00edos para rafting, bosques para cruzar en canopy, juegos de cuerdas, senderos para caminar y montar en bicicleta. El Tri\u00e1ngulo del Caf\u00e9 es una gran fusi\u00f3n con r\u00edos, nevados, lagunas, guadua, rutas hermosas llena de nuestro excelente producto de exportaci\u00f3n: el caf\u00e9 colombiano\u201d.<\/span><\/p>\n<h6 style=\"text-align: justify;\"><em><span style=\"font-size: 12pt;\"><strong>VER: <a href=\"https:\/\/alkilautos.com\/blog\/colombia\/mitos-alquilar-un-carro\/\">Mitos de alquilar un carro en Colombia<\/a><\/strong><\/span><\/em><\/h6>\n<p style=\"text-align: justify;\"><span style=\"font-size: 12pt;\">Como puedes ver, visitar los mejores sitios tur\u00edsticos del Eje Cafetero o Paisaje Cultural Cafetero, son una excelente oportunidad para mezclar el descanso con una forma did\u00e1ctica de conocer m\u00e1s de nuestra cultura colombiana. Probar un suave y delicioso caf\u00e9 directamente de manos campesinas caficultoras: una gran experiencia para estas vacaciones.<\/span><\/p>\n<p>[\/vc_column_text][\/vc_column][\/vc_row]<\/p>\n<\/div><!-- AddThis Advanced Settings generic via filter on the_content --><!-- AddThis Share Buttons generic via filter on the_content -->","protected":false},"excerpt":{"rendered":"<p>Queremos que conozcas los mejores sitios tur\u00edsticos del Eje Cafetero, declarado Patrimonio de la Humanidad por sus excepcionales paisajes.<!-- AddThis Advanced Settings generic via filter on get_the_excerpt --><!-- AddThis Share Buttons generic via filter on get_the_excerpt --><\/p>\n","protected":false},"author":1,"featured_media":151,"comment_status":"closed","ping_status":"closed","sticky":false,"template":"","format":"standard","meta":{"om_disable_all_campaigns":false,"_monsterinsights_skip_tracking":false,"_monsterinsights_sitenote_active":false,"_monsterinsights_sitenote_note":"","_monsterinsights_sitenote_category":0,"_kad_post_transparent":"default","_kad_post_title":"normal","_kad_post_layout":"default","_kad_post_sidebar_id":"","_kad_post_content_style":"default","_kad_post_vertical_padding":"default","_kad_post_feature":"","_kad_post_feature_position":"","_kad_post_header":false,"_kad_post_footer":false},"categories":[5],"tags":[],"yoast_head":"<!-- This site is optimized with the Yoast SEO plugin v19.8 - https:\/\/yoast.com\/wordpress\/plugins\/seo\/ -->\n<title>Los mejores sitios tur\u00edsticos del Eje Cafetero -ALkilautos.com<\/title>\n<meta name=\"description\" content=\"Queremos que conozcas los mejores sitios tur\u00edsticos del Eje Cafetero, declarado Patrimonio de la Humanidad por sus excepcionales paisajes.\" \/>\n<meta name=\"robots\" content=\"index, follow, max-snippet:-1, max-image-preview:large, max-video-preview:-1\" \/>\n<link rel=\"canonical\" href=\"https:\/\/alkilautos.com\/blog\/colombia\/los-mejores-sitios-turisticos-del-eje-cafetero\/\" \/>\n<meta property=\"og:locale\" content=\"es_ES\" \/>\n<meta property=\"og:type\" content=\"article\" \/>\n<meta property=\"og:title\" content=\"Los mejores sitios tur\u00edsticos del Eje Cafetero -ALkilautos.com\" \/>\n<meta property=\"og:description\" content=\"Queremos que conozcas los mejores sitios tur\u00edsticos del Eje Cafetero, declarado Patrimonio de la Humanidad por sus excepcionales paisajes.\" \/>\n<meta property=\"og:url\" content=\"https:\/\/alkilautos.com\/blog\/colombia\/los-mejores-sitios-turisticos-del-eje-cafetero\/\" \/>\n<meta property=\"og:site_name\" content=\"Alkilautos.com Blog\" \/>\n<meta property=\"article:publisher\" content=\"https:\/\/www.facebook.com\/alkilautos\" \/>\n<meta property=\"article:published_time\" content=\"2016-11-15T17:54:28+00:00\" \/>\n<meta property=\"article:modified_time\" content=\"2024-05-03T14:01:47+00:00\" \/>\n<meta property=\"og:image\" content=\"https:\/\/alkilautos.com\/blog\/wp-content\/uploads\/2016\/11\/Plantilla-AI-Blog.jpg\" \/>\n\t<meta property=\"og:image:width\" content=\"527\" \/>\n\t<meta property=\"og:image:height\" content=\"275\" \/>\n\t<meta property=\"og:image:type\" content=\"image\/jpeg\" \/>\n<meta name=\"author\" content=\"Julieta\" \/>\n<meta name=\"twitter:card\" content=\"summary_large_image\" \/>\n<meta name=\"twitter:creator\" content=\"@alkilautos\" \/>\n<meta name=\"twitter:site\" content=\"@alkilautos\" \/>\n<meta name=\"twitter:label1\" content=\"Escrito por\" \/>\n\t<meta name=\"twitter:data1\" content=\"Julieta\" \/>\n\t<meta name=\"twitter:label2\" content=\"Tiempo de lectura\" \/>\n\t<meta name=\"twitter:data2\" content=\"7 minutos\" \/>\n<script type=\"application\/ld+json\" class=\"yoast-schema-graph\">{\"@context\":\"https:\/\/schema.org\",\"@graph\":[{\"@type\":\"Article\",\"@id\":\"https:\/\/alkilautos.com\/blog\/colombia\/los-mejores-sitios-turisticos-del-eje-cafetero\/#article\",\"isPartOf\":{\"@id\":\"https:\/\/alkilautos.com\/blog\/colombia\/los-mejores-sitios-turisticos-del-eje-cafetero\/\"},\"author\":{\"name\":\"Julieta\",\"@id\":\"https:\/\/alkilautos.com\/blog\/#\/schema\/person\/8297771e30891ea7dc692ebe99c2b297\"},\"headline\":\"Encuentra aqu\u00ed los mejores sitios tur\u00edsticos del Eje Cafetero\",\"datePublished\":\"2016-11-15T17:54:28+00:00\",\"dateModified\":\"2024-05-03T14:01:47+00:00\",\"mainEntityOfPage\":{\"@id\":\"https:\/\/alkilautos.com\/blog\/colombia\/los-mejores-sitios-turisticos-del-eje-cafetero\/\"},\"wordCount\":1277,\"publisher\":{\"@id\":\"https:\/\/alkilautos.com\/blog\/#organization\"},\"articleSection\":[\"Colombia\"],\"inLanguage\":\"es\"},{\"@type\":\"WebPage\",\"@id\":\"https:\/\/alkilautos.com\/blog\/colombia\/los-mejores-sitios-turisticos-del-eje-cafetero\/\",\"url\":\"https:\/\/alkilautos.com\/blog\/colombia\/los-mejores-sitios-turisticos-del-eje-cafetero\/\",\"name\":\"Los mejores sitios tur\u00edsticos del Eje Cafetero -ALkilautos.com\",\"isPartOf\":{\"@id\":\"https:\/\/alkilautos.com\/blog\/#website\"},\"datePublished\":\"2016-11-15T17:54:28+00:00\",\"dateModified\":\"2024-05-03T14:01:47+00:00\",\"description\":\"Queremos que conozcas los mejores sitios tur\u00edsticos del Eje Cafetero, declarado Patrimonio de la Humanidad por sus excepcionales paisajes.\",\"breadcrumb\":{\"@id\":\"https:\/\/alkilautos.com\/blog\/colombia\/los-mejores-sitios-turisticos-del-eje-cafetero\/#breadcrumb\"},\"inLanguage\":\"es\",\"potentialAction\":[{\"@type\":\"ReadAction\",\"target\":[\"https:\/\/alkilautos.com\/blog\/colombia\/los-mejores-sitios-turisticos-del-eje-cafetero\/\"]}]},{\"@type\":\"BreadcrumbList\",\"@id\":\"https:\/\/alkilautos.com\/blog\/colombia\/los-mejores-sitios-turisticos-del-eje-cafetero\/#breadcrumb\",\"itemListElement\":[{\"@type\":\"ListItem\",\"position\":1,\"name\":\"Portada\",\"item\":\"https:\/\/alkilautos.com\/blog\/\"},{\"@type\":\"ListItem\",\"position\":2,\"name\":\"Encuentra aqu\u00ed los mejores sitios tur\u00edsticos del Eje Cafetero\"}]},{\"@type\":\"WebSite\",\"@id\":\"https:\/\/alkilautos.com\/blog\/#website\",\"url\":\"https:\/\/alkilautos.com\/blog\/\",\"name\":\"Alkilautos.com Blog\",\"description\":\"Todo sobre el alquiler de carros y viajes\",\"publisher\":{\"@id\":\"https:\/\/alkilautos.com\/blog\/#organization\"},\"potentialAction\":[{\"@type\":\"SearchAction\",\"target\":{\"@type\":\"EntryPoint\",\"urlTemplate\":\"https:\/\/alkilautos.com\/blog\/?s={search_term_string}\"},\"query-input\":\"required name=search_term_string\"}],\"inLanguage\":\"es\"},{\"@type\":\"Organization\",\"@id\":\"https:\/\/alkilautos.com\/blog\/#organization\",\"name\":\"Alkilautos\",\"url\":\"https:\/\/alkilautos.com\/blog\/\",\"sameAs\":[\"https:\/\/www.instagram.com\/alkilautoscolombia\/\",\"https:\/\/www.linkedin.com\/company-beta\/10467991?pathWildcard=10467991\",\"https:\/\/www.youtube.com\/channel\/UCHxCqeNPh--nu8RKUVrwpaA\",\"https:\/\/www.facebook.com\/alkilautos\",\"https:\/\/twitter.com\/alkilautos\"],\"logo\":{\"@type\":\"ImageObject\",\"inLanguage\":\"es\",\"@id\":\"https:\/\/alkilautos.com\/blog\/#\/schema\/logo\/image\/\",\"url\":\"https:\/\/alkilautos.com\/blog\/wp-content\/uploads\/2017\/02\/ALKILAUTOS.jpg\",\"contentUrl\":\"https:\/\/alkilautos.com\/blog\/wp-content\/uploads\/2017\/02\/ALKILAUTOS.jpg\",\"width\":1701,\"height\":1446,\"caption\":\"Alkilautos\"},\"image\":{\"@id\":\"https:\/\/alkilautos.com\/blog\/#\/schema\/logo\/image\/\"}},{\"@type\":\"Person\",\"@id\":\"https:\/\/alkilautos.com\/blog\/#\/schema\/person\/8297771e30891ea7dc692ebe99c2b297\",\"name\":\"Julieta\",\"image\":{\"@type\":\"ImageObject\",\"inLanguage\":\"es\",\"@id\":\"https:\/\/alkilautos.com\/blog\/#\/schema\/person\/image\/\",\"url\":\"https:\/\/secure.gravatar.com\/avatar\/e99b3d1dc837ddf98df0d65fa2066c8c?s=96&d=mm&r=g\",\"contentUrl\":\"https:\/\/secure.gravatar.com\/avatar\/e99b3d1dc837ddf98df0d65fa2066c8c?s=96&d=mm&r=g\",\"caption\":\"Julieta\"},\"sameAs\":[\"http:\/\/www.alkilautos.com\"]}]}<\/script>\n<!-- \/ Yoast SEO plugin. -->","yoast_head_json":{"title":"Los mejores sitios tur\u00edsticos del Eje Cafetero -ALkilautos.com","description":"Queremos que conozcas los mejores sitios tur\u00edsticos del Eje Cafetero, declarado Patrimonio de la Humanidad por sus excepcionales paisajes.","robots":{"index":"index","follow":"follow","max-snippet":"max-snippet:-1","max-image-preview":"max-image-preview:large","max-video-preview":"max-video-preview:-1"},"canonical":"https:\/\/alkilautos.com\/blog\/colombia\/los-mejores-sitios-turisticos-del-eje-cafetero\/","og_locale":"es_ES","og_type":"article","og_title":"Los mejores sitios tur\u00edsticos del Eje Cafetero -ALkilautos.com","og_description":"Queremos que conozcas los mejores sitios tur\u00edsticos del Eje Cafetero, declarado Patrimonio de la Humanidad por sus excepcionales paisajes.","og_url":"https:\/\/alkilautos.com\/blog\/colombia\/los-mejores-sitios-turisticos-del-eje-cafetero\/","og_site_name":"Alkilautos.com Blog","article_publisher":"https:\/\/www.facebook.com\/alkilautos","article_published_time":"2016-11-15T17:54:28+00:00","article_modified_time":"2024-05-03T14:01:47+00:00","og_image":[{"width":527,"height":275,"url":"https:\/\/alkilautos.com\/blog\/wp-content\/uploads\/2016\/11\/Plantilla-AI-Blog.jpg","type":"image\/jpeg"}],"author":"Julieta","twitter_card":"summary_large_image","twitter_creator":"@alkilautos","twitter_site":"@alkilautos","twitter_misc":{"Escrito por":"Julieta","Tiempo de lectura":"7 minutos"},"schema":{"@context":"https:\/\/schema.org","@graph":[{"@type":"Article","@id":"https:\/\/alkilautos.com\/blog\/colombia\/los-mejores-sitios-turisticos-del-eje-cafetero\/#article","isPartOf":{"@id":"https:\/\/alkilautos.com\/blog\/colombia\/los-mejores-sitios-turisticos-del-eje-cafetero\/"},"author":{"name":"Julieta","@id":"https:\/\/alkilautos.com\/blog\/#\/schema\/person\/8297771e30891ea7dc692ebe99c2b297"},"headline":"Encuentra aqu\u00ed los mejores sitios tur\u00edsticos del Eje Cafetero","datePublished":"2016-11-15T17:54:28+00:00","dateModified":"2024-05-03T14:01:47+00:00","mainEntityOfPage":{"@id":"https:\/\/alkilautos.com\/blog\/colombia\/los-mejores-sitios-turisticos-del-eje-cafetero\/"},"wordCount":1277,"publisher":{"@id":"https:\/\/alkilautos.com\/blog\/#organization"},"articleSection":["Colombia"],"inLanguage":"es"},{"@type":"WebPage","@id":"https:\/\/alkilautos.com\/blog\/colombia\/los-mejores-sitios-turisticos-del-eje-cafetero\/","url":"https:\/\/alkilautos.com\/blog\/colombia\/los-mejores-sitios-turisticos-del-eje-cafetero\/","name":"Los mejores sitios tur\u00edsticos del Eje Cafetero -ALkilautos.com","isPartOf":{"@id":"https:\/\/alkilautos.com\/blog\/#website"},"datePublished":"2016-11-15T17:54:28+00:00","dateModified":"2024-05-03T14:01:47+00:00","description":"Queremos que conozcas los mejores sitios tur\u00edsticos del Eje Cafetero, declarado Patrimonio de la Humanidad por sus excepcionales paisajes.","breadcrumb":{"@id":"https:\/\/alkilautos.com\/blog\/colombia\/los-mejores-sitios-turisticos-del-eje-cafetero\/#breadcrumb"},"inLanguage":"es","potentialAction":[{"@type":"ReadAction","target":["https:\/\/alkilautos.com\/blog\/colombia\/los-mejores-sitios-turisticos-del-eje-cafetero\/"]}]},{"@type":"BreadcrumbList","@id":"https:\/\/alkilautos.com\/blog\/colombia\/los-mejores-sitios-turisticos-del-eje-cafetero\/#breadcrumb","itemListElement":[{"@type":"ListItem","position":1,"name":"Portada","item":"https:\/\/alkilautos.com\/blog\/"},{"@type":"ListItem","position":2,"name":"Encuentra aqu\u00ed los mejores sitios tur\u00edsticos del Eje Cafetero"}]},{"@type":"WebSite","@id":"https:\/\/alkilautos.com\/blog\/#website","url":"https:\/\/alkilautos.com\/blog\/","name":"Alkilautos.com Blog","description":"Todo sobre el alquiler de carros y viajes","publisher":{"@id":"https:\/\/alkilautos.com\/blog\/#organization"},"potentialAction":[{"@type":"SearchAction","target":{"@type":"EntryPoint","urlTemplate":"https:\/\/alkilautos.com\/blog\/?s={search_term_string}"},"query-input":"required name=search_term_string"}],"inLanguage":"es"},{"@type":"Organization","@id":"https:\/\/alkilautos.com\/blog\/#organization","name":"Alkilautos","url":"https:\/\/alkilautos.com\/blog\/","sameAs":["https:\/\/www.instagram.com\/alkilautoscolombia\/","https:\/\/www.linkedin.com\/company-beta\/10467991?pathWildcard=10467991","https:\/\/www.youtube.com\/channel\/UCHxCqeNPh--nu8RKUVrwpaA","https:\/\/www.facebook.com\/alkilautos","https:\/\/twitter.com\/alkilautos"],"logo":{"@type":"ImageObject","inLanguage":"es","@id":"https:\/\/alkilautos.com\/blog\/#\/schema\/logo\/image\/","url":"https:\/\/alkilautos.com\/blog\/wp-content\/uploads\/2017\/02\/ALKILAUTOS.jpg","contentUrl":"https:\/\/alkilautos.com\/blog\/wp-content\/uploads\/2017\/02\/ALKILAUTOS.jpg","width":1701,"height":1446,"caption":"Alkilautos"},"image":{"@id":"https:\/\/alkilautos.com\/blog\/#\/schema\/logo\/image\/"}},{"@type":"Person","@id":"https:\/\/alkilautos.com\/blog\/#\/schema\/person\/8297771e30891ea7dc692ebe99c2b297","name":"Julieta","image":{"@type":"ImageObject","inLanguage":"es","@id":"https:\/\/alkilautos.com\/blog\/#\/schema\/person\/image\/","url":"https:\/\/secure.gravatar.com\/avatar\/e99b3d1dc837ddf98df0d65fa2066c8c?s=96&d=mm&r=g","contentUrl":"https:\/\/secure.gravatar.com\/avatar\/e99b3d1dc837ddf98df0d65fa2066c8c?s=96&d=mm&r=g","caption":"Julieta"},"sameAs":["http:\/\/www.alkilautos.com"]}]}},"_links":{"self":[{"href":"https:\/\/alkilautos.com\/blog\/wp-json\/wp\/v2\/posts\/150"}],"collection":[{"href":"https:\/\/alkilautos.com\/blog\/wp-json\/wp\/v2\/posts"}],"about":[{"href":"https:\/\/alkilautos.com\/blog\/wp-json\/wp\/v2\/types\/post"}],"author":[{"embeddable":true,"href":"https:\/\/alkilautos.com\/blog\/wp-json\/wp\/v2\/users\/1"}],"replies":[{"embeddable":true,"href":"https:\/\/alkilautos.com\/blog\/wp-json\/wp\/v2\/comments?post=150"}],"version-history":[{"count":24,"href":"https:\/\/alkilautos.com\/blog\/wp-json\/wp\/v2\/posts\/150\/revisions"}],"predecessor-version":[{"id":6919,"href":"https:\/\/alkilautos.com\/blog\/wp-json\/wp\/v2\/posts\/150\/revisions\/6919"}],"wp:featuredmedia":[{"embeddable":true,"href":"https:\/\/alkilautos.com\/blog\/wp-json\/wp\/v2\/media\/151"}],"wp:attachment":[{"href":"https:\/\/alkilautos.com\/blog\/wp-json\/wp\/v2\/media?parent=150"}],"wp:term":[{"taxonomy":"category","embeddable":true,"href":"https:\/\/alkilautos.com\/blog\/wp-json\/wp\/v2\/categories?post=150"},{"taxonomy":"post_tag","embeddable":true,"href":"https:\/\/alkilautos.com\/blog\/wp-json\/wp\/v2\/tags?post=150"}],"curies":[{"name":"wp","href":"https:\/\/api.w.org\/{rel}","templated":true}]}}