{"id":172,"date":"2018-11-18T16:05:31","date_gmt":"2018-11-18T21:05:31","guid":{"rendered":"http:\/\/alkilautos.com\/blog\/?p=172"},"modified":"2024-04-08T07:35:32","modified_gmt":"2024-04-08T12:35:32","slug":"cali-y-el-valle-del-cauca-para-vacaciones","status":"publish","type":"post","link":"https:\/\/alkilautos.com\/blog\/general\/cali-y-el-valle-del-cauca-para-vacaciones\/","title":{"rendered":"Lugares en  Cali y el Valle del Cauca para ir de vacaciones"},"content":{"rendered":"<p style=\"text-align: justify;\"><span style=\"font-size: 12pt;\">Hay regiones en Colombia hermosas que ofrecen a los turistas diversas actividades culturales, deportivas, de rumba, entretenimiento y en este caso en particular, hasta clases de baile. Hablamos de <strong>una regi\u00f3n alegre, llena de dinamismo<\/strong> y por eso, hoy queremos presentarte algunos lugares para ir de vacaciones en \u00a0Cali y el Valle del Cauca.<\/span><\/p>\n<p style=\"text-align: justify;\"><span style=\"font-size: 12pt;\">Cali, oficialmente llamada Santiago de Cali es la capital del departamento del Valle del Cauca, la tercera ciudad m\u00e1s poblada de nuestro pa\u00eds y una de las m\u00e1s antiguas de Am\u00e9rica Latina al ser fundada en 1536. <strong>Conocida adem\u00e1s por ser la capital mundial de la salsa.<\/strong><\/span><\/p>\n<h4 style=\"text-align: justify;\"><span style=\"font-size: 12pt;\">TE PUEDE INTERESAR: <a href=\"https:\/\/alkilautos.com\/alquiler-carros-bogota\/\">ALQUILER DE CARRO EN BOGOT\u00c1<\/a><\/span><\/h4>\n<p style=\"text-align: justify;\"><span style=\"font-size: 12pt;\">En esta hermosa ciudad vale la pena dejarse llevar por la cultura divertida de los cale\u00f1os, que ven en la salsa, un ritmo del caribe, el mejor reflejo de su idiosincrasia. <strong>Entre cultivos de esta rica regi\u00f3n en ca\u00f1a de az\u00facar , se baila y se goza de la mejor manera.<\/strong> La \u201cSucursal del Cielo\u201d nos ofrece tambi\u00e9n hermosos paisajes que ense\u00f1an la ciudad desde los cerros de Cristo Rey y de las Tres Cruces.<\/span><\/p>\n<p style=\"text-align: justify;\"><span style=\"font-size: 12pt;\"><img class=\" wp-image-176 alignright\" src=\"http:\/\/alkilautos.com\/blog\/wp-content\/uploads\/2016\/11\/16.11.18-Cali-Cristo-Rey-300x200.jpg\" alt=\"Cali y Valle del Cauca\" width=\"365\" height=\"243\" srcset=\"https:\/\/alkilautos.com\/blog\/wp-content\/uploads\/2016\/11\/16.11.18-Cali-Cristo-Rey-300x200.jpg 300w, https:\/\/alkilautos.com\/blog\/wp-content\/uploads\/2016\/11\/16.11.18-Cali-Cristo-Rey-768x513.jpg 768w, https:\/\/alkilautos.com\/blog\/wp-content\/uploads\/2016\/11\/16.11.18-Cali-Cristo-Rey.jpg 830w\" sizes=\"(max-width: 365px) 100vw, 365px\" \/><\/span><\/p>\n<p style=\"text-align: justify;\"><span style=\"font-size: 12pt;\">Es agradable caminar bajo la sombra de los \u00e1rboles a orillas del r\u00edo Cali y observar los tesoros con rasgos a\u00fan de la colonia en su arquitectura; otro plan perfecto que contrasta con las planicies del departamento del Valle del Cauca, enamorando a turistas de esta bella ciudad de la regi\u00f3n suroccidental de Colombia, donde abundan las mujeres hermosas, sitios de gran valor cultural e hist\u00f3rico y por supuesto lugares para divertirse al son de la salsa.<\/span><\/p>\n<h4 style=\"text-align: justify;\"><span style=\"font-size: 12pt;\">VER:<a href=\"https:\/\/alkilautos.com\/blog\/colombia\/vacaciones-en-colombia\/\"><b>\u00bfD\u00f3nde ir de vacaciones en Colombia?<\/b><\/a><\/span><\/h4>\n<p style=\"text-align: justify;\"><span style=\"font-size: 12pt;\">Hay muchos lugares para ir de vacaciones en \u00a0Cali y el Valle del Cauca, los viajeros que incluyen a esta regi\u00f3n en sus planes pueden encontrarse con una cultura hedonista que brinda de forma amable a sus visitantes y los involucra en el ambiente de alegr\u00eda y efusividad caracter\u00edsticos de los vallecaucanos. <strong>Se puede gozar con festivales de m\u00fasica y adem\u00e1s aprendes sobre la ca\u00f1a de az\u00facar en paisajes monta\u00f1osos que cautivar\u00e1n a cualquiera<\/strong>.<\/span><\/p>\n<p style=\"text-align: justify;\"><span style=\"font-size: 12pt;\">El d\u00eda domingo, los cale\u00f1os van a ba\u00f1arse en las fr\u00edas aguas que descienden de los cerros. Uno de ellos, como nos indica Colombia. Travel es el r\u00edo Pance; a los que les gusta caminar, r\u00edo arriba podr\u00e1n encontrar el campamento de la Fundaci\u00f3n Farrallones con albergues y gu\u00edas para conocer el Parque. Al caer el sol, los cale\u00f1os, especialmente los de la zona mulata, se entregan a la salsa involucrando a turistas de forma amable en los populares danz\u00f3dromos, en Juanchito.<\/span><\/p>\n<p style=\"text-align: justify;\"><span style=\"font-size: 12pt;\"><img class=\" wp-image-177 alignleft\" src=\"http:\/\/alkilautos.com\/blog\/wp-content\/uploads\/2016\/11\/16.11.18-Cali-Salsa-300x225.jpg\" alt=\"Cali y Valle del Cauca\" width=\"410\" height=\"307\" srcset=\"https:\/\/alkilautos.com\/blog\/wp-content\/uploads\/2016\/11\/16.11.18-Cali-Salsa-300x225.jpg 300w, https:\/\/alkilautos.com\/blog\/wp-content\/uploads\/2016\/11\/16.11.18-Cali-Salsa-768x576.jpg 768w, https:\/\/alkilautos.com\/blog\/wp-content\/uploads\/2016\/11\/16.11.18-Cali-Salsa.jpg 864w\" sizes=\"(max-width: 410px) 100vw, 410px\" \/><\/span><\/p>\n<h4 style=\"text-align: justify;\"><span style=\"font-size: 12pt;\">TE PUEDE INTERESAR: <a href=\"https:\/\/alkilautos.com\/alquiler-carros-cali\/\">ALQUILER DE CARRO EN CALI<\/a><\/span><\/h4>\n<p style=\"text-align: justify;\"><span style=\"font-size: 12pt;\">Hay planes que ense\u00f1an a los turistas algunos pasos de este genial baile en algunas escuelas y academias para que al menos se vaya con un poco de swing de esta tierra que pareciera tener como denominador com\u00fan y adn natural el movimiento corporal y el \u201csabor\u201d cale\u00f1o.<\/span><\/p>\n<p style=\"text-align: justify;\"><span style=\"font-size: 12pt;\"><strong>Cali y el Valle del Cauca en general tambi\u00e9n son reconocidos por su deliciosa gastronom\u00eda tradicional.<\/strong> Varias culturas se difunden en apetitosos y suculentos platos de comida: herencia africana, espa\u00f1ola e ind\u00edgena dan sabores espectaculares: arroz atollado, aborrajado, tostadas de pl\u00e1tano verde con hogao, tamales y sopa de tortilla. <strong>Esto incluye una variedad de dulces deliciosos como el melao de panela, el champus, el manjar blanco, el cholao, las cocadas por mencionar solo algunas de las que podemos encontrar.<\/strong><\/span><\/p>\n<h4 style=\"text-align: justify;\"><span style=\"font-size: 12pt;\">VER: \u00a0<a href=\"https:\/\/alkilautos.com\/blog\/general\/beneficios-de-viajar\/\"><b>Beneficios de viajar y conocer nuevos lugares<\/b><\/a><\/span><\/h4>\n<p style=\"text-align: justify;\"><span style=\"font-size: 12pt;\">Por esta \u00e9poca, la \u00a0Alcald\u00eda de Cali y la Asociaci\u00f3n Vallecaucana de Orquideolog\u00eda realizan la Exposici\u00f3n Internacional de Orqu\u00eddeas, CaliOrqu\u00eddeas 2016, un espacio para deleitarse con las m\u00e1s hermosas muestras de esta preciosa flor nacional. La exposici\u00f3n se llevar\u00e1 a cabo el 18, 19 y 20 de noviembre. Ideal para los turistas que tienen pensado viajar a Cali, no perderse esta oportunidad de ver las mejores representaciones de orqu\u00eddeas de talla mundial.<\/span><\/p>\n<p style=\"text-align: justify;\"><span style=\"font-size: 12pt;\">Otro evento imperdible en Cali es la Feria de Cali o Feria de la Ca\u00f1a. Una gran festividad que se celebra cada a\u00f1o en la ciudad vallecaucana entre el 25 y 30 de diciembre, con eventos espectaculares de rumba donde se destacan el Sals\u00f3dromo y el Superconciento que agrupa siempre grandes artistas nacionales y extranjeros representando todos los ritmos tropicales bailables.<\/span><\/p>\n<p style=\"text-align: justify;\"><span style=\"font-size: 12pt;\">Adem\u00e1s de todo lo bueno y divertido que hay por hacer en Cali, los turistas pueden encontrar otros hermosos lugares por visitar en el Valle del Cauca. Aqu\u00ed queremos presentarles algunos que pueden incluir en sus planes para esta temporada de vacaciones.<\/span><\/p>\n<h5 style=\"text-align: justify;\"><span style=\"font-size: 12pt;\"><b>Lugares por regiones para ir de vacaciones en \u00a0Cali y el Valle del Cauca:<\/b><\/span><\/h5>\n<h5 style=\"text-align: justify;\"><span style=\"font-size: 12pt;\"><b>\u00bfQu\u00e9 visitar seg\u00fan <\/b><b>Colombia Travel<\/b><b>?<\/b><\/span><\/h5>\n<p style=\"text-align: justify;\"><span style=\"font-size: 12pt;\">El <b>Valle del Cauca<\/b> es un departamento de Colombia situado en el suroccidente del pa\u00eds, el tercero m\u00e1s poblado. Parte mayoritaria de su territorio se encuentra entre las cordilleras Occidental y la Central de los Andes, en el valle geogr\u00e1fico del r\u00edo Cauca, por lo que se le conoce su nombre. El relieve de esta zona del pa\u00eds es variado, por eso cuenta con una regi\u00f3n plana, una monta\u00f1osa y una costera que hace a\u00fan m\u00e1s atractivo su visita. El clima es agradable entre lo 23\u00b0C y 27 \u00b0C.<\/span><\/p>\n<p style=\"text-align: justify;\"><span style=\"font-size: 12pt;\"><strong>En la regi\u00f3n central conoce Tulu\u00e1 y Buga<\/strong>:<\/span><\/p>\n<p style=\"text-align: justify;\"><span style=\"font-size: 12pt;\"><span style=\"text-decoration: underline;\">Tulu\u00e1<\/span>: hay abundancia de fauna y flora en los bosques del municipio que puede ser apreciado por los turistas, visitar el Parque la Guadua, adem\u00e1s, y en el mes de junio disfrutar de las ferias con exhibiciones de equinos y bovinos.<\/span><\/p>\n<p style=\"text-align: justify;\"><span style=\"text-decoration: underline; font-size: 12pt;\"><img class=\"aligncenter wp-image-1418\" src=\"https:\/\/alkilautos.com\/blog\/wp-content\/uploads\/2016\/11\/17.09.19-Cali-y-el-Valle-del-Cauca-Tulua.jpg\" alt=\"\" width=\"789\" height=\"444\" \/><\/span><\/p>\n<p style=\"text-align: justify;\"><span style=\"font-size: 12pt;\"><span style=\"text-decoration: underline;\">Buga<\/span>: conocida por la Bas\u00edlica del Se\u00f1or de los Milagros a la que acuden peregrinos de todas partes del mundo, adem\u00e1s podr\u00e1s apreciar su arquitectura colonial llena de historia. Los Buga fueron una tribu de ascendencia caribe\u00f1a que llegaron desde el interior del pa\u00eds por los r\u00edos hasta llegar a sierras y valles.<\/span><\/p>\n<p style=\"text-align: justify;\"><span style=\"font-size: 12pt;\"><strong>En la regi\u00f3n pac\u00edfica puedes visitar Buenaventura<\/strong>: se encuentra el puerto m\u00e1s importante de Colombia en el Oc\u00e9ano Pac\u00edfico, aqu\u00ed se une la selva con el mar donde abundan los paisajes con \u00e1rboles en r\u00edos caudalosos y se aprecia gran biodiversidad. El contacto con la naturaleza es el mejor plan, no puedes perderte ahora en el mes de noviembre la llegada de las ballenas jorobadas de la Ant\u00e1rtida y su espect\u00e1culo o bucear entre peces en las islas de Malpelo y Gorgona.<\/span><\/p>\n<p style=\"text-align: justify;\"><span style=\"font-size: 12pt;\"><strong><img class=\"aligncenter wp-image-1419\" src=\"https:\/\/alkilautos.com\/blog\/wp-content\/uploads\/2016\/11\/17.09.19-Cali-y-el-Valle-del-Cauca-Buenaventura.jpg\" alt=\"\" width=\"790\" height=\"445\" \/><\/strong><\/span><\/p>\n<p style=\"text-align: justify;\"><span style=\"font-size: 12pt;\"><strong>En la regi\u00f3n norte ve a Cartago<\/strong>: comunica \u00a0las llanuras en las que se encuentran las ca\u00f1as de az\u00facar con las monta\u00f1as cafeteras de Risaralda y Quind\u00edo, adem\u00e1s de conocer m\u00e1s de la cultura cafetera, los turistas se pueden deleitar con la arquitectura colonial de su centro hist\u00f3rico y con la t\u00e9cnica de los bordados por los cuales son famosos.<\/span><\/p>\n<p style=\"text-align: justify;\">\u00a0<\/p>\n<h5 style=\"text-align: justify;\"><span style=\"font-size: 12pt;\"><strong>En la regi\u00f3n del sur adem\u00e1s de Cali conoce Yumbo y Palmira:<\/strong><\/span><\/h5>\n<p style=\"text-align: justify;\"><span style=\"font-size: 12pt;\"><span style=\"text-decoration: underline;\">Yumbo<\/span>: este municipio cercano a Cali, solo 10 minutos en carro, es conocido por sus hermosos paisajes naturales que permiten a los turistas hacer ecoturismo y disfrutar de la naturaleza. Dentro de sus platos caracter\u00edsticos est\u00e1 el chivo, deliciosamente asado seg\u00fan los residentes.<\/span><\/p>\n<p style=\"text-align: justify;\"><span style=\"font-size: 12pt;\"><span style=\"text-decoration: underline;\">Palmira<\/span>: conocido como \u201cLa Villa de las Palmas\u201d, ubicado en el costado oriental del R\u00edo Cauca es uno de los centros de importantes ingenios azucareros, aqu\u00ed se encuentra el Centro Internacional de Agricultura Tropical, el m\u00e1s importante no solo de Colombia sino de Sudam\u00e9rica. Puedes disfrutar de varios centros de inter\u00e9s tur\u00edsticos basados en la cultura de la regi\u00f3n, adem\u00e1s encontrar variedad de clima: \u00a0desde el f\u00edo en el P\u00e1ramo de las Hermosas hasta zona c\u00e1lida del valle del R\u00edo Cauca.<\/span><\/p>\n<h5 style=\"text-align: justify;\"><span style=\"font-size: 12pt;\"><strong>En la regi\u00f3n oriental visita Caicedonia y Sevilla:<\/strong><\/span><\/h5>\n<p style=\"text-align: justify;\"><span style=\"font-size: 12pt;\"><span style=\"text-decoration: underline;\">Caicedonia<\/span>: tambi\u00e9n conocida como la \u00a0\u00ab<i>Ciudad Centinela del Valle<\/i>\u00ab. Hace parte del \u00a0Paisaje Cultural Cafetero, declarado Patrimonio de la Humanidad por la UNESCO en 2011, puedes \u00a0conocer y disfrutar de todo el desarrollo de la cultura del caf\u00e9.<\/span><\/p>\n<p style=\"text-align: justify;\"><span style=\"font-size: 12pt;\"><span style=\"text-decoration: underline;\">Sevilla<\/span>: llamada la \u00ab<i>Capital Cafetera de Colombia<\/i>\u00ab, aqu\u00ed se producen m\u00e1s de quince mil hect\u00e1reas al cultivo de caf\u00e9. Posee una hermosa vista de gran parte de los municipios del Valle del Cauca. Puedes recorrer sus calles que exhiben balcones hermosos de la arquitectura ancestral. Puedes encontrar festivales de m\u00fasica y artes. Tambi\u00e9n hace parte el Paisaje Cultural y Cafetero.<\/span><\/p>\n<h5 style=\"text-align: justify;\"><span style=\"font-size: 12pt;\"><b><img class=\" wp-image-180 alignleft\" src=\"http:\/\/alkilautos.com\/blog\/wp-content\/uploads\/2016\/11\/16.11.18-Cali-Familia-plantilla-300x157.jpg\" alt=\"16-11-18-cali-familia-plantilla\" width=\"413\" height=\"216\" srcset=\"https:\/\/alkilautos.com\/blog\/wp-content\/uploads\/2016\/11\/16.11.18-Cali-Familia-plantilla-300x157.jpg 300w, https:\/\/alkilautos.com\/blog\/wp-content\/uploads\/2016\/11\/16.11.18-Cali-Familia-plantilla.jpg 527w\" sizes=\"(max-width: 413px) 100vw, 413px\" \/>Recomendaci\u00f3n curiosa:<\/b><\/span><\/h5>\n<p style=\"text-align: justify;\"><span style=\"font-size: 12pt;\">Si no tienes veh\u00edculo, tal vez llegan allegados de otros lugares del mundo o est\u00e1s armando paseo con toda tu familia para ir de vacaciones <strong>en \u00a0<\/strong><strong><a href=\"https:\/\/alkilautos.com\/alquiler-carros-cali\/\">Cali y el Valle del Cauca<\/a>, te recomendamos alquilar carro, manejar tu tiempo y movilizarte libremente por esta magn\u00edfica regi\u00f3n colombiana. \u00a0\u00bfQu\u00e9 esperas? Ingresa ya a <a href=\"https:\/\/alkilautos.com\/alquiler-carros-cali\/\">Alkilautos.com<\/a><\/strong><\/span><\/p>\n<p style=\"text-align: justify;\"><span style=\"font-size: 12pt;\">VER: <a href=\"https:\/\/alkilautos.com\/blog\/colombia\/los-mejores-sitios-turisticos-del-eje-cafetero\/\"><b>Los mejores sitios tur\u00edsticos del Eje Cafetero<\/b><\/a><\/span><\/p>\n<p style=\"text-align: justify;\"><span style=\"font-size: 12pt;\">Como puedes ver hay muchos lugares para ir de vacaciones en \u00a0Cali y el Valle del Cauca, cada vez est\u00e1 m\u00e1s cerca la \u00e9poca de descanso y qu\u00e9 mejor oportunidad para recorrer los hermosos paisajes de esta regi\u00f3n tan importante de Colombia en compa\u00f1\u00eda de los seres que m\u00e1s quieres. Progr\u00e1mate y piensa el recorrido que vas a hacer.<\/span><\/p>\n\n<!-- AddThis Advanced Settings generic via filter on the_content --><!-- AddThis Share Buttons generic via filter on the_content -->","protected":false},"excerpt":{"rendered":"<p>Hay regiones en Colombia hermosas que ofrecen a los turistas diversas actividades culturales, deportivas, de rumba, entretenimiento y en este caso en particular, hasta clases de baile. Hablamos de una regi\u00f3n alegre, llena de dinamismo y por eso, hoy queremos presentarte algunos lugares para ir de vacaciones en \u00a0Cali y el Valle del Cauca. Cali,&#8230;<!-- AddThis Advanced Settings generic via filter on get_the_excerpt --><!-- AddThis Share Buttons generic via filter on get_the_excerpt --><\/p>\n","protected":false},"author":1,"featured_media":175,"comment_status":"open","ping_status":"open","sticky":false,"template":"","format":"standard","meta":{"om_disable_all_campaigns":false,"_monsterinsights_skip_tracking":false,"_monsterinsights_sitenote_active":false,"_monsterinsights_sitenote_note":"","_monsterinsights_sitenote_category":0,"_kad_post_transparent":"","_kad_post_title":"","_kad_post_layout":"","_kad_post_sidebar_id":"","_kad_post_content_style":"","_kad_post_vertical_padding":"","_kad_post_feature":"","_kad_post_feature_position":"","_kad_post_header":false,"_kad_post_footer":false},"categories":[5,1],"tags":[],"yoast_head":"<!-- This site is optimized with the Yoast SEO plugin v19.8 - https:\/\/yoast.com\/wordpress\/plugins\/seo\/ -->\n<title>Lugares en Cali y el Valle del Cauca para ir de vacaciones -<\/title>\n<meta name=\"description\" content=\"Queremos presentarte algunos lugares para ir de vacaciones en Cali y el Valle del Cauca, una regi\u00f3n alegre, y llena de dinamismo\" \/>\n<meta name=\"robots\" content=\"index, follow, max-snippet:-1, max-image-preview:large, max-video-preview:-1\" \/>\n<link rel=\"canonical\" href=\"https:\/\/alkilautos.com\/blog\/general\/cali-y-el-valle-del-cauca-para-vacaciones\/\" \/>\n<meta property=\"og:locale\" content=\"es_ES\" \/>\n<meta property=\"og:type\" content=\"article\" \/>\n<meta property=\"og:title\" content=\"Lugares en Cali y el Valle del Cauca para ir de vacaciones -\" \/>\n<meta property=\"og:description\" content=\"Queremos presentarte algunos lugares para ir de vacaciones en Cali y el Valle del Cauca, una regi\u00f3n alegre, y llena de dinamismo\" \/>\n<meta property=\"og:url\" content=\"https:\/\/alkilautos.com\/blog\/general\/cali-y-el-valle-del-cauca-para-vacaciones\/\" \/>\n<meta property=\"og:site_name\" content=\"Alkilautos.com Blog\" \/>\n<meta property=\"article:publisher\" content=\"https:\/\/www.facebook.com\/alkilautos\" \/>\n<meta property=\"article:published_time\" content=\"2018-11-18T21:05:31+00:00\" \/>\n<meta property=\"article:modified_time\" content=\"2024-04-08T12:35:32+00:00\" \/>\n<meta property=\"og:image\" content=\"https:\/\/alkilautos.com\/blog\/wp-content\/uploads\/2016\/11\/Cali-Mirador-de-San-Sebastian-de-Belalcazar.jpg\" \/>\n\t<meta property=\"og:image:width\" content=\"527\" \/>\n\t<meta property=\"og:image:height\" content=\"275\" \/>\n\t<meta property=\"og:image:type\" content=\"image\/jpeg\" \/>\n<meta name=\"author\" content=\"Julieta\" \/>\n<meta name=\"twitter:card\" content=\"summary_large_image\" \/>\n<meta name=\"twitter:creator\" content=\"@alkilautos\" \/>\n<meta name=\"twitter:site\" content=\"@alkilautos\" \/>\n<meta name=\"twitter:label1\" content=\"Escrito por\" \/>\n\t<meta name=\"twitter:data1\" content=\"Julieta\" \/>\n\t<meta name=\"twitter:label2\" content=\"Tiempo de lectura\" \/>\n\t<meta name=\"twitter:data2\" content=\"8 minutos\" \/>\n<script type=\"application\/ld+json\" class=\"yoast-schema-graph\">{\"@context\":\"https:\/\/schema.org\",\"@graph\":[{\"@type\":\"Article\",\"@id\":\"https:\/\/alkilautos.com\/blog\/general\/cali-y-el-valle-del-cauca-para-vacaciones\/#article\",\"isPartOf\":{\"@id\":\"https:\/\/alkilautos.com\/blog\/general\/cali-y-el-valle-del-cauca-para-vacaciones\/\"},\"author\":{\"name\":\"Julieta\",\"@id\":\"https:\/\/alkilautos.com\/blog\/#\/schema\/person\/8297771e30891ea7dc692ebe99c2b297\"},\"headline\":\"Lugares en Cali y el Valle del Cauca para ir de vacaciones\",\"datePublished\":\"2018-11-18T21:05:31+00:00\",\"dateModified\":\"2024-04-08T12:35:32+00:00\",\"mainEntityOfPage\":{\"@id\":\"https:\/\/alkilautos.com\/blog\/general\/cali-y-el-valle-del-cauca-para-vacaciones\/\"},\"wordCount\":1586,\"commentCount\":0,\"publisher\":{\"@id\":\"https:\/\/alkilautos.com\/blog\/#organization\"},\"articleSection\":[\"Colombia\",\"General\"],\"inLanguage\":\"es\",\"potentialAction\":[{\"@type\":\"CommentAction\",\"name\":\"Comment\",\"target\":[\"https:\/\/alkilautos.com\/blog\/general\/cali-y-el-valle-del-cauca-para-vacaciones\/#respond\"]}]},{\"@type\":\"WebPage\",\"@id\":\"https:\/\/alkilautos.com\/blog\/general\/cali-y-el-valle-del-cauca-para-vacaciones\/\",\"url\":\"https:\/\/alkilautos.com\/blog\/general\/cali-y-el-valle-del-cauca-para-vacaciones\/\",\"name\":\"Lugares en Cali y el Valle del Cauca para ir de vacaciones -\",\"isPartOf\":{\"@id\":\"https:\/\/alkilautos.com\/blog\/#website\"},\"datePublished\":\"2018-11-18T21:05:31+00:00\",\"dateModified\":\"2024-04-08T12:35:32+00:00\",\"description\":\"Queremos presentarte algunos lugares para ir de vacaciones en Cali y el Valle del Cauca, una regi\u00f3n alegre, y llena de dinamismo\",\"breadcrumb\":{\"@id\":\"https:\/\/alkilautos.com\/blog\/general\/cali-y-el-valle-del-cauca-para-vacaciones\/#breadcrumb\"},\"inLanguage\":\"es\",\"potentialAction\":[{\"@type\":\"ReadAction\",\"target\":[\"https:\/\/alkilautos.com\/blog\/general\/cali-y-el-valle-del-cauca-para-vacaciones\/\"]}]},{\"@type\":\"BreadcrumbList\",\"@id\":\"https:\/\/alkilautos.com\/blog\/general\/cali-y-el-valle-del-cauca-para-vacaciones\/#breadcrumb\",\"itemListElement\":[{\"@type\":\"ListItem\",\"position\":1,\"name\":\"Portada\",\"item\":\"https:\/\/alkilautos.com\/blog\/\"},{\"@type\":\"ListItem\",\"position\":2,\"name\":\"Lugares en Cali y el Valle del Cauca para ir de vacaciones\"}]},{\"@type\":\"WebSite\",\"@id\":\"https:\/\/alkilautos.com\/blog\/#website\",\"url\":\"https:\/\/alkilautos.com\/blog\/\",\"name\":\"Alkilautos.com Blog\",\"description\":\"Todo sobre el alquiler de carros y viajes\",\"publisher\":{\"@id\":\"https:\/\/alkilautos.com\/blog\/#organization\"},\"potentialAction\":[{\"@type\":\"SearchAction\",\"target\":{\"@type\":\"EntryPoint\",\"urlTemplate\":\"https:\/\/alkilautos.com\/blog\/?s={search_term_string}\"},\"query-input\":\"required name=search_term_string\"}],\"inLanguage\":\"es\"},{\"@type\":\"Organization\",\"@id\":\"https:\/\/alkilautos.com\/blog\/#organization\",\"name\":\"Alkilautos\",\"url\":\"https:\/\/alkilautos.com\/blog\/\",\"sameAs\":[\"https:\/\/www.instagram.com\/alkilautoscolombia\/\",\"https:\/\/www.linkedin.com\/company-beta\/10467991?pathWildcard=10467991\",\"https:\/\/www.youtube.com\/channel\/UCHxCqeNPh--nu8RKUVrwpaA\",\"https:\/\/www.facebook.com\/alkilautos\",\"https:\/\/twitter.com\/alkilautos\"],\"logo\":{\"@type\":\"ImageObject\",\"inLanguage\":\"es\",\"@id\":\"https:\/\/alkilautos.com\/blog\/#\/schema\/logo\/image\/\",\"url\":\"https:\/\/alkilautos.com\/blog\/wp-content\/uploads\/2017\/02\/ALKILAUTOS.jpg\",\"contentUrl\":\"https:\/\/alkilautos.com\/blog\/wp-content\/uploads\/2017\/02\/ALKILAUTOS.jpg\",\"width\":1701,\"height\":1446,\"caption\":\"Alkilautos\"},\"image\":{\"@id\":\"https:\/\/alkilautos.com\/blog\/#\/schema\/logo\/image\/\"}},{\"@type\":\"Person\",\"@id\":\"https:\/\/alkilautos.com\/blog\/#\/schema\/person\/8297771e30891ea7dc692ebe99c2b297\",\"name\":\"Julieta\",\"image\":{\"@type\":\"ImageObject\",\"inLanguage\":\"es\",\"@id\":\"https:\/\/alkilautos.com\/blog\/#\/schema\/person\/image\/\",\"url\":\"https:\/\/secure.gravatar.com\/avatar\/e99b3d1dc837ddf98df0d65fa2066c8c?s=96&d=mm&r=g\",\"contentUrl\":\"https:\/\/secure.gravatar.com\/avatar\/e99b3d1dc837ddf98df0d65fa2066c8c?s=96&d=mm&r=g\",\"caption\":\"Julieta\"},\"sameAs\":[\"http:\/\/www.alkilautos.com\"]}]}<\/script>\n<!-- \/ Yoast SEO plugin. -->","yoast_head_json":{"title":"Lugares en Cali y el Valle del Cauca para ir de vacaciones -","description":"Queremos presentarte algunos lugares para ir de vacaciones en Cali y el Valle del Cauca, una regi\u00f3n alegre, y llena de dinamismo","robots":{"index":"index","follow":"follow","max-snippet":"max-snippet:-1","max-image-preview":"max-image-preview:large","max-video-preview":"max-video-preview:-1"},"canonical":"https:\/\/alkilautos.com\/blog\/general\/cali-y-el-valle-del-cauca-para-vacaciones\/","og_locale":"es_ES","og_type":"article","og_title":"Lugares en Cali y el Valle del Cauca para ir de vacaciones -","og_description":"Queremos presentarte algunos lugares para ir de vacaciones en Cali y el Valle del Cauca, una regi\u00f3n alegre, y llena de dinamismo","og_url":"https:\/\/alkilautos.com\/blog\/general\/cali-y-el-valle-del-cauca-para-vacaciones\/","og_site_name":"Alkilautos.com Blog","article_publisher":"https:\/\/www.facebook.com\/alkilautos","article_published_time":"2018-11-18T21:05:31+00:00","article_modified_time":"2024-04-08T12:35:32+00:00","og_image":[{"width":527,"height":275,"url":"https:\/\/alkilautos.com\/blog\/wp-content\/uploads\/2016\/11\/Cali-Mirador-de-San-Sebastian-de-Belalcazar.jpg","type":"image\/jpeg"}],"author":"Julieta","twitter_card":"summary_large_image","twitter_creator":"@alkilautos","twitter_site":"@alkilautos","twitter_misc":{"Escrito por":"Julieta","Tiempo de lectura":"8 minutos"},"schema":{"@context":"https:\/\/schema.org","@graph":[{"@type":"Article","@id":"https:\/\/alkilautos.com\/blog\/general\/cali-y-el-valle-del-cauca-para-vacaciones\/#article","isPartOf":{"@id":"https:\/\/alkilautos.com\/blog\/general\/cali-y-el-valle-del-cauca-para-vacaciones\/"},"author":{"name":"Julieta","@id":"https:\/\/alkilautos.com\/blog\/#\/schema\/person\/8297771e30891ea7dc692ebe99c2b297"},"headline":"Lugares en Cali y el Valle del Cauca para ir de vacaciones","datePublished":"2018-11-18T21:05:31+00:00","dateModified":"2024-04-08T12:35:32+00:00","mainEntityOfPage":{"@id":"https:\/\/alkilautos.com\/blog\/general\/cali-y-el-valle-del-cauca-para-vacaciones\/"},"wordCount":1586,"commentCount":0,"publisher":{"@id":"https:\/\/alkilautos.com\/blog\/#organization"},"articleSection":["Colombia","General"],"inLanguage":"es","potentialAction":[{"@type":"CommentAction","name":"Comment","target":["https:\/\/alkilautos.com\/blog\/general\/cali-y-el-valle-del-cauca-para-vacaciones\/#respond"]}]},{"@type":"WebPage","@id":"https:\/\/alkilautos.com\/blog\/general\/cali-y-el-valle-del-cauca-para-vacaciones\/","url":"https:\/\/alkilautos.com\/blog\/general\/cali-y-el-valle-del-cauca-para-vacaciones\/","name":"Lugares en Cali y el Valle del Cauca para ir de vacaciones -","isPartOf":{"@id":"https:\/\/alkilautos.com\/blog\/#website"},"datePublished":"2018-11-18T21:05:31+00:00","dateModified":"2024-04-08T12:35:32+00:00","description":"Queremos presentarte algunos lugares para ir de vacaciones en Cali y el Valle del Cauca, una regi\u00f3n alegre, y llena de dinamismo","breadcrumb":{"@id":"https:\/\/alkilautos.com\/blog\/general\/cali-y-el-valle-del-cauca-para-vacaciones\/#breadcrumb"},"inLanguage":"es","potentialAction":[{"@type":"ReadAction","target":["https:\/\/alkilautos.com\/blog\/general\/cali-y-el-valle-del-cauca-para-vacaciones\/"]}]},{"@type":"BreadcrumbList","@id":"https:\/\/alkilautos.com\/blog\/general\/cali-y-el-valle-del-cauca-para-vacaciones\/#breadcrumb","itemListElement":[{"@type":"ListItem","position":1,"name":"Portada","item":"https:\/\/alkilautos.com\/blog\/"},{"@type":"ListItem","position":2,"name":"Lugares en Cali y el Valle del Cauca para ir de vacaciones"}]},{"@type":"WebSite","@id":"https:\/\/alkilautos.com\/blog\/#website","url":"https:\/\/alkilautos.com\/blog\/","name":"Alkilautos.com Blog","description":"Todo sobre el alquiler de carros y viajes","publisher":{"@id":"https:\/\/alkilautos.com\/blog\/#organization"},"potentialAction":[{"@type":"SearchAction","target":{"@type":"EntryPoint","urlTemplate":"https:\/\/alkilautos.com\/blog\/?s={search_term_string}"},"query-input":"required name=search_term_string"}],"inLanguage":"es"},{"@type":"Organization","@id":"https:\/\/alkilautos.com\/blog\/#organization","name":"Alkilautos","url":"https:\/\/alkilautos.com\/blog\/","sameAs":["https:\/\/www.instagram.com\/alkilautoscolombia\/","https:\/\/www.linkedin.com\/company-beta\/10467991?pathWildcard=10467991","https:\/\/www.youtube.com\/channel\/UCHxCqeNPh--nu8RKUVrwpaA","https:\/\/www.facebook.com\/alkilautos","https:\/\/twitter.com\/alkilautos"],"logo":{"@type":"ImageObject","inLanguage":"es","@id":"https:\/\/alkilautos.com\/blog\/#\/schema\/logo\/image\/","url":"https:\/\/alkilautos.com\/blog\/wp-content\/uploads\/2017\/02\/ALKILAUTOS.jpg","contentUrl":"https:\/\/alkilautos.com\/blog\/wp-content\/uploads\/2017\/02\/ALKILAUTOS.jpg","width":1701,"height":1446,"caption":"Alkilautos"},"image":{"@id":"https:\/\/alkilautos.com\/blog\/#\/schema\/logo\/image\/"}},{"@type":"Person","@id":"https:\/\/alkilautos.com\/blog\/#\/schema\/person\/8297771e30891ea7dc692ebe99c2b297","name":"Julieta","image":{"@type":"ImageObject","inLanguage":"es","@id":"https:\/\/alkilautos.com\/blog\/#\/schema\/person\/image\/","url":"https:\/\/secure.gravatar.com\/avatar\/e99b3d1dc837ddf98df0d65fa2066c8c?s=96&d=mm&r=g","contentUrl":"https:\/\/secure.gravatar.com\/avatar\/e99b3d1dc837ddf98df0d65fa2066c8c?s=96&d=mm&r=g","caption":"Julieta"},"sameAs":["http:\/\/www.alkilautos.com"]}]}},"_links":{"self":[{"href":"https:\/\/alkilautos.com\/blog\/wp-json\/wp\/v2\/posts\/172"}],"collection":[{"href":"https:\/\/alkilautos.com\/blog\/wp-json\/wp\/v2\/posts"}],"about":[{"href":"https:\/\/alkilautos.com\/blog\/wp-json\/wp\/v2\/types\/post"}],"author":[{"embeddable":true,"href":"https:\/\/alkilautos.com\/blog\/wp-json\/wp\/v2\/users\/1"}],"replies":[{"embeddable":true,"href":"https:\/\/alkilautos.com\/blog\/wp-json\/wp\/v2\/comments?post=172"}],"version-history":[{"count":27,"href":"https:\/\/alkilautos.com\/blog\/wp-json\/wp\/v2\/posts\/172\/revisions"}],"predecessor-version":[{"id":6983,"href":"https:\/\/alkilautos.com\/blog\/wp-json\/wp\/v2\/posts\/172\/revisions\/6983"}],"wp:featuredmedia":[{"embeddable":true,"href":"https:\/\/alkilautos.com\/blog\/wp-json\/wp\/v2\/media\/175"}],"wp:attachment":[{"href":"https:\/\/alkilautos.com\/blog\/wp-json\/wp\/v2\/media?parent=172"}],"wp:term":[{"taxonomy":"category","embeddable":true,"href":"https:\/\/alkilautos.com\/blog\/wp-json\/wp\/v2\/categories?post=172"},{"taxonomy":"post_tag","embeddable":true,"href":"https:\/\/alkilautos.com\/blog\/wp-json\/wp\/v2\/tags?post=172"}],"curies":[{"name":"wp","href":"https:\/\/api.w.org\/{rel}","templated":true}]}}