{"id":665,"date":"2017-04-19T14:57:08","date_gmt":"2017-04-19T19:57:08","guid":{"rendered":"http:\/\/alkilautos.com\/blog\/?p=665"},"modified":"2023-04-17T15:59:07","modified_gmt":"2023-04-17T20:59:07","slug":"primer-viaje-del-bebe-por-carretera","status":"publish","type":"post","link":"https:\/\/alkilautos.com\/blog\/general\/primer-viaje-del-bebe-por-carretera\/","title":{"rendered":"El primer viaje del beb\u00e9 por carretera"},"content":{"rendered":"<p style=\"text-align: justify;\">El primer viaje del beb\u00e9 por carretera debe ser planeado adecuadamente, si bien la emoci\u00f3n de salir a pasear en familia nos llena de felicidad, hay que tener en cuenta algunas precauciones para que el viaje del peque\u00f1o sea placentero.<\/p>\n<p style=\"text-align: justify;\">Es claro que si los beb\u00e9s viajan a gusto sus padres tambi\u00e9n lo har\u00e1n y por eso decidimos darte algunas recomendaciones \u00fatiles para que este primer viaje del beb\u00e9 por carretera sea una buena experiencia. Con ayuda de la revista <a href=\"http:\/\/www.serpadres.es\/\">Ser Padres<\/a>, encontramos varias ideas que te pueden ayudar.<\/p>\n<p style=\"text-align: justify;\"><img class=\"aligncenter wp-image-668\" src=\"http:\/\/alkilautos.com\/blog\/wp-content\/uploads\/2017\/04\/17.04.19-viaje-del-beb\u00e9-por-carretera-bebe.jpg\" alt=\"\" width=\"790\" height=\"526\" \/><\/p>\n<p style=\"text-align: justify;\">TE PUEDE INTERESAR: <a href=\"https:\/\/alkilautos.com\/blog\/general\/vacaciones-en-colombia\/\">\u00bfD\u00f3nde ir de vacaciones en Colombia?<\/a><\/p>\n<h3 style=\"text-align: justify;\">TIPS PARA TENER EN CUENTA EN EL PRIMER VIAJE DEL BEB\u00c9 POR CARRETERA<\/h3>\n<p><strong><u>Seguridad y salud<\/u><\/strong><\/p>\n<p style=\"text-align: justify;\">\u00a0<strong> \u00a01. Luego de los 3 meses de edad, los beb\u00e9s ya est\u00e1n en condiciones de viajar:<\/strong>\u00a0no son tan fr\u00e1giles como en ocasiones piensan sus padres; \u00a0siempre que se trate de un viaje relativamente tranquilo. Lo ideal es que el primer viaje no sea demasiado largo (m\u00e1s de 6 horas).<\/p>\n<p style=\"text-align: justify;\">\u00a0 <strong>\u00a02. Ten un botiqu\u00edn de primeros auxilios a la mano:<\/strong> en caso de necesitarlo para ayudar a tu beb\u00e9 si presenta alg\u00fan leve malestar mientras viajan. Si tu hijo necesita alguna medicina especial, recuerda llevarla.<\/p>\n<p style=\"text-align: justify;\">\u00a0 <strong>\u00a03. Empaca el protector solar sin importar el clima<\/strong>. El factor de protecci\u00f3n es ideal que no sea menor a 30, especialmente para beb\u00e9s con piel delicada. Puedes aplicar peque\u00f1as cantidades en la cara y las manos del beb\u00e9 si es menor a 6 meses, si es m\u00e1s grande lo pones de forma abundante por todo el cuerpo.<\/p>\n<p style=\"text-align: justify;\">\u00a0 <strong>\u00a04. En el carro, el beb\u00e9 siempre debe viajar atr\u00e1s en un asiento c\u00f3modo para beb\u00e9s orientado hacia atr\u00e1s<\/strong>, no en el asiento de adelante y adicional estar acompa\u00f1ado por un adulto que pueda viajar pendiente del peque\u00f1ito.\u00a0El asiento debe estar bien colocado y ajustado con los cinturones de seguridad.<\/p>\n<p style=\"text-align: justify;\"><img class=\"aligncenter wp-image-669\" src=\"http:\/\/alkilautos.com\/blog\/wp-content\/uploads\/2017\/04\/17.04.19-viaje-del-beb\u00e9-por-carretera-silla.jpg\" alt=\"\" width=\"790\" height=\"527\" \/><\/p>\n<p><strong><u>Alimento y comodidad<\/u><\/strong><\/p>\n<p style=\"text-align: justify;\">\u00a0 <strong>\u00a05. Si a\u00fan alimentas a tu beb\u00e9, lleva una botella de agua<\/strong> o l\u00edquido que te permita estar bien hidratada durante el viaje; si ya no lo alimentas ten preparado al menos 2 teteros y todos los recipientes que necesites para preparar m\u00e1s. <strong>Si el beb\u00e9 ya comenz\u00f3 su alimentaci\u00f3n s\u00f3lida, lleva la comida que necesite para el viaje y un babero grande para cubrir su ropa.<\/strong><\/p>\n<p style=\"text-align: justify;\">\u00a0 <strong>\u00a06. Carga pa\u00f1ales suficientes para el viaje<\/strong>, bolsas de pl\u00e1stico para los pa\u00f1ales sucios y todo su kit de cambio: cambiador, pa\u00f1itos h\u00famedos, cremas, lociones, etc. Guarda adem\u00e1s una moda extra para t\u00ed y otra para el beb\u00e9. \u00a0Ten en cuenta el clima al que viajas y por el que pasas mientras van en el carro.<\/p>\n<p style=\"text-align: justify;\">\u00a0 \u00a0<strong>7. Lleva su cobija preferida para abrigarlo y una manta vieja<\/strong> por si en alguna parada del viaje deciden sentarse al aire libre<\/p>\n<p style=\"text-align: justify;\">TE PUEDE INTERESAR: <a href=\"https:\/\/alkilautos.com\/blog\/general\/mitos-alquilar-un-carro-colombia\/\">Mitos de alquilar un carro en Colombia<\/a><\/p>\n<p style=\"text-align: justify;\"><strong><u>Entretenimiento<\/u><\/strong><\/p>\n<p style=\"text-align: justify;\">\u00a0 <strong>\u00a08. Lleva los juguetes favoritos de tu beb\u00e9<\/strong> que sepas pueden servir de entretenimiento para \u00e9l, pero que sean solo algunos para evitar encartarte mucho. Los juguetes deben ser variados, blandos y ligeros: libros de tela o pl\u00e1stico, sonajeros, mu\u00f1ecos de tela, etc. No se los des todos a la vez: \u00a0es mejor entregarlos de uno en uno y reservar alguno de esos especial para los momentos en que ya no es tan f\u00e1cil entretenerlo.<\/p>\n<p style=\"text-align: justify;\"><strong>\u00a0 \u00a09. La m\u00fasica les distrae; no olvides llevar canciones y cuentos infantiles.<\/strong><\/p>\n<p style=\"text-align: justify;\"><img class=\"aligncenter wp-image-670\" src=\"http:\/\/alkilautos.com\/blog\/wp-content\/uploads\/2017\/04\/17.04.19-viaje-del-beb\u00e9-por-carretera-silla-jugando.jpg\" alt=\"\" width=\"790\" height=\"527\" \/><\/p>\n<p style=\"text-align: justify;\"><strong><u>Equipaje<\/u><\/strong><\/p>\n<p style=\"text-align: justify;\">\u00a0 <strong>\u00a010. Ten cerca el cambiador de beb\u00e9<\/strong>, que sea pr\u00e1ctico para usar en los viajes; en los ba\u00f1os p\u00fablicos o lugares donde puedan parar.<\/p>\n<p style=\"text-align: justify;\">\u00a0 \u00a0<strong>11. Lleva bolsas pl\u00e1sticas para guardar cosas sucias<\/strong> como la ropa, babero, vestidos de ba\u00f1o mojados.<\/p>\n<p style=\"text-align: justify;\">\u00a0 <strong>\u00a012. Usa un coche de beb\u00e9 liviano<\/strong> y en lo posible que se ajuste a la silla del carro. Busca algo pr\u00e1ctico y f\u00e1cil de llevar para que transportes a tu beb\u00e9 con tranquilidad.<\/p>\n<p style=\"text-align: justify;\">\u00a0 <strong>\u00a013. Puedes usar un portabeb\u00e9s para ayudarte a cargar a tu hijo cuando lo requieras<\/strong> mientras hacen paradas en el viaje y cuando llegues a tu destino. Este tipo de elementos son \u00fatiles porque te permiten tener las manos libres y tu beb\u00e9 va a estar muy c\u00f3modo cerca de ti.<\/p>\n<p style=\"text-align: justify;\">TE PUEDE INTERESAR: <a href=\"https:\/\/alkilautos.com\/blog\/general\/como-ahorrar-para-viajar\/\">\u00bfC\u00f3mo ahorrar para viajar?: tips que pueden ayudarte<\/a><\/p>\n<p style=\"text-align: justify;\"><strong><u>Paradas frecuentes<\/u><\/strong><\/p>\n<p style=\"text-align: justify;\"><strong>\u00a0 \u00a014. Al menos cada dos horas es necesario bajarse del carro para descansar<\/strong> y airearse, adem\u00e1s para revisar que el beb\u00e9 est\u00e9 bien: no tenga dolores, se sienta c\u00f3modo, est\u00e9 limpio, sin hambre etc.<\/p>\n<p style=\"text-align: justify;\">\u00a0 <strong>\u00a015. Es importante buscar una zona al aire libre<\/strong>, no tan cercana de la carretera y protegida del sol.<\/p>\n<p style=\"text-align: justify;\">\u00a0<strong> \u00a016. Saca la beb\u00e9 de la silla de carro para que se mueva<\/strong>.<\/p>\n<p style=\"text-align: justify;\"><img class=\"aligncenter wp-image-671\" src=\"http:\/\/alkilautos.com\/blog\/wp-content\/uploads\/2017\/04\/17.04.19-viaje-del-beb\u00e9-por-carretera.jpg\" alt=\"\" width=\"791\" height=\"593\" \/><\/p>\n<p style=\"text-align: justify;\"><strong><u>Otros<\/u><\/strong><\/p>\n<p>\u00a0 <strong>\u00a017. No abrigues demasiado al beb\u00e9<\/strong>. La silla de carro envuelve su cuerpo y desprende m\u00e1s calor.<\/p>\n<p><strong>\u00a0 \u00a018. Cuando est\u00e9 dormido, cada cierto tiempo verifica si tiene calor o fr\u00edo<\/strong>, si suda o tiene sus extremidades fr\u00edas.<\/p>\n<p><strong>\u00a0 \u00a019. No dejes a tu beb\u00e9 al cuidado de menores<\/strong>, si por alg\u00fan motivo debes ausentarte, un mayor responsable debe cuidarlo mientras regresas.<\/p>\n<p><strong>\u00a0 \u00a020. Nunca por ning\u00fan motivo dejes el beb\u00e9 solo en el carro.<\/strong><\/p>\n<p style=\"text-align: justify;\">TE PUEDE INTERESAR: <a href=\"https:\/\/alkilautos.com\/blog\/general\/conoce-los-corredores-turisticos-de-colombia\/\">Conoce los Corredores Tur\u00edsticos de Colombia<\/a><\/p>\n<p style=\"text-align: justify;\">Sabemos lo emocionante que es hacer este tipo de paseos. El primer viaje del beb\u00e9 por carretera implica no solo preparaci\u00f3n de todo lo que se requiere para que el ni\u00f1o est\u00e9 c\u00f3modo sino que incluye tener el veh\u00edculo en el que te vas a movilizar completamente listo para el viaje.<\/p>\n<p style=\"text-align: justify;\"><img class=\"aligncenter wp-image-672\" src=\"http:\/\/alkilautos.com\/blog\/wp-content\/uploads\/2017\/04\/17.04.19-viaje-del-beb\u00e9-por-carretera-3-hijos.jpg\" alt=\"\" width=\"791\" height=\"527\" \/><\/p>\n<h4 style=\"text-align: justify;\"><strong>Recomendaci\u00f3n Especial:<\/strong><\/h4>\n<p style=\"text-align: justify;\">En <a href=\"https:\/\/alkilautos.com\/\">Alkilautos.com<\/a> entendemos que ese primer viaje del beb\u00e9 por carretera debe ser muy especial, por eso, ponemos a tu disposici\u00f3n excelentes veh\u00edculos de las mejores rentadoras del pa\u00eds, en m\u00e1s de 13 ciudades. Puedes a un clic comparar y elegir el carro ideal para este paseo tan especial donde te sientas c\u00f3modo tu y toda tu familia.<\/p>\n<!-- AddThis Advanced Settings generic via filter on the_content --><!-- AddThis Share Buttons generic via filter on the_content -->","protected":false},"excerpt":{"rendered":"<p>El primer viaje del beb\u00e9 por carretera debe ser planeado adecuadamente, si bien la emoci\u00f3n de salir a pasear en familia nos llena de felicidad, hay que tener en cuenta algunas precauciones para que el viaje del peque\u00f1o sea placentero. Es claro que si los beb\u00e9s viajan a gusto sus padres tambi\u00e9n lo har\u00e1n y&#8230;<!-- AddThis Advanced Settings generic via filter on get_the_excerpt --><!-- AddThis Share Buttons generic via filter on get_the_excerpt --><\/p>\n","protected":false},"author":1,"featured_media":673,"comment_status":"open","ping_status":"open","sticky":false,"template":"","format":"standard","meta":{"om_disable_all_campaigns":false,"_monsterinsights_skip_tracking":false,"_monsterinsights_sitenote_active":false,"_monsterinsights_sitenote_note":"","_monsterinsights_sitenote_category":0,"_kad_post_transparent":"","_kad_post_title":"","_kad_post_layout":"","_kad_post_sidebar_id":"","_kad_post_content_style":"","_kad_post_vertical_padding":"","_kad_post_feature":"","_kad_post_feature_position":"","_kad_post_header":false,"_kad_post_footer":false},"categories":[1],"tags":[],"yoast_head":"<!-- This site is optimized with the Yoast SEO plugin v19.8 - https:\/\/yoast.com\/wordpress\/plugins\/seo\/ -->\n<title>El primer viaje del beb\u00e9 por carretera -<\/title>\n<meta name=\"description\" content=\"El primer viaje del beb\u00e9 por carretera es una experiencia muy emocionante que llena a toda la familia de emoci\u00f3n.\" \/>\n<meta name=\"robots\" content=\"index, follow, max-snippet:-1, max-image-preview:large, max-video-preview:-1\" \/>\n<link rel=\"canonical\" href=\"https:\/\/alkilautos.com\/blog\/general\/primer-viaje-del-bebe-por-carretera\/\" \/>\n<meta property=\"og:locale\" content=\"es_ES\" \/>\n<meta property=\"og:type\" content=\"article\" \/>\n<meta property=\"og:title\" content=\"El primer viaje del beb\u00e9 por carretera -\" \/>\n<meta property=\"og:description\" content=\"El primer viaje del beb\u00e9 por carretera es una experiencia muy emocionante que llena a toda la familia de emoci\u00f3n.\" \/>\n<meta property=\"og:url\" content=\"https:\/\/alkilautos.com\/blog\/general\/primer-viaje-del-bebe-por-carretera\/\" \/>\n<meta property=\"og:site_name\" content=\"Alkilautos.com Blog\" \/>\n<meta property=\"article:publisher\" content=\"https:\/\/www.facebook.com\/alkilautos\" \/>\n<meta property=\"article:published_time\" content=\"2017-04-19T19:57:08+00:00\" \/>\n<meta property=\"article:modified_time\" content=\"2023-04-17T20:59:07+00:00\" \/>\n<meta property=\"og:image\" content=\"https:\/\/alkilautos.com\/blog\/wp-content\/uploads\/2017\/04\/17.04.19-viaje-del-beb\u00e9-por-carretera-feliz.jpg\" \/>\n\t<meta property=\"og:image:width\" content=\"527\" \/>\n\t<meta property=\"og:image:height\" content=\"275\" \/>\n\t<meta property=\"og:image:type\" content=\"image\/jpeg\" \/>\n<meta name=\"author\" content=\"Julieta\" \/>\n<meta name=\"twitter:card\" content=\"summary_large_image\" \/>\n<meta name=\"twitter:creator\" content=\"@alkilautos\" \/>\n<meta name=\"twitter:site\" content=\"@alkilautos\" \/>\n<meta name=\"twitter:label1\" content=\"Escrito por\" \/>\n\t<meta name=\"twitter:data1\" content=\"Julieta\" \/>\n\t<meta name=\"twitter:label2\" content=\"Tiempo de lectura\" \/>\n\t<meta name=\"twitter:data2\" content=\"6 minutos\" \/>\n<script type=\"application\/ld+json\" class=\"yoast-schema-graph\">{\"@context\":\"https:\/\/schema.org\",\"@graph\":[{\"@type\":\"Article\",\"@id\":\"https:\/\/alkilautos.com\/blog\/general\/primer-viaje-del-bebe-por-carretera\/#article\",\"isPartOf\":{\"@id\":\"https:\/\/alkilautos.com\/blog\/general\/primer-viaje-del-bebe-por-carretera\/\"},\"author\":{\"name\":\"Julieta\",\"@id\":\"https:\/\/alkilautos.com\/blog\/#\/schema\/person\/8297771e30891ea7dc692ebe99c2b297\"},\"headline\":\"El primer viaje del beb\u00e9 por carretera\",\"datePublished\":\"2017-04-19T19:57:08+00:00\",\"dateModified\":\"2023-04-17T20:59:07+00:00\",\"mainEntityOfPage\":{\"@id\":\"https:\/\/alkilautos.com\/blog\/general\/primer-viaje-del-bebe-por-carretera\/\"},\"wordCount\":1000,\"commentCount\":0,\"publisher\":{\"@id\":\"https:\/\/alkilautos.com\/blog\/#organization\"},\"articleSection\":[\"General\"],\"inLanguage\":\"es\",\"potentialAction\":[{\"@type\":\"CommentAction\",\"name\":\"Comment\",\"target\":[\"https:\/\/alkilautos.com\/blog\/general\/primer-viaje-del-bebe-por-carretera\/#respond\"]}]},{\"@type\":\"WebPage\",\"@id\":\"https:\/\/alkilautos.com\/blog\/general\/primer-viaje-del-bebe-por-carretera\/\",\"url\":\"https:\/\/alkilautos.com\/blog\/general\/primer-viaje-del-bebe-por-carretera\/\",\"name\":\"El primer viaje del beb\u00e9 por carretera -\",\"isPartOf\":{\"@id\":\"https:\/\/alkilautos.com\/blog\/#website\"},\"datePublished\":\"2017-04-19T19:57:08+00:00\",\"dateModified\":\"2023-04-17T20:59:07+00:00\",\"description\":\"El primer viaje del beb\u00e9 por carretera es una experiencia muy emocionante que llena a toda la familia de emoci\u00f3n.\",\"breadcrumb\":{\"@id\":\"https:\/\/alkilautos.com\/blog\/general\/primer-viaje-del-bebe-por-carretera\/#breadcrumb\"},\"inLanguage\":\"es\",\"potentialAction\":[{\"@type\":\"ReadAction\",\"target\":[\"https:\/\/alkilautos.com\/blog\/general\/primer-viaje-del-bebe-por-carretera\/\"]}]},{\"@type\":\"BreadcrumbList\",\"@id\":\"https:\/\/alkilautos.com\/blog\/general\/primer-viaje-del-bebe-por-carretera\/#breadcrumb\",\"itemListElement\":[{\"@type\":\"ListItem\",\"position\":1,\"name\":\"Portada\",\"item\":\"https:\/\/alkilautos.com\/blog\/\"},{\"@type\":\"ListItem\",\"position\":2,\"name\":\"El primer viaje del beb\u00e9 por carretera\"}]},{\"@type\":\"WebSite\",\"@id\":\"https:\/\/alkilautos.com\/blog\/#website\",\"url\":\"https:\/\/alkilautos.com\/blog\/\",\"name\":\"Alkilautos.com Blog\",\"description\":\"Todo sobre el alquiler de carros y viajes\",\"publisher\":{\"@id\":\"https:\/\/alkilautos.com\/blog\/#organization\"},\"potentialAction\":[{\"@type\":\"SearchAction\",\"target\":{\"@type\":\"EntryPoint\",\"urlTemplate\":\"https:\/\/alkilautos.com\/blog\/?s={search_term_string}\"},\"query-input\":\"required name=search_term_string\"}],\"inLanguage\":\"es\"},{\"@type\":\"Organization\",\"@id\":\"https:\/\/alkilautos.com\/blog\/#organization\",\"name\":\"Alkilautos\",\"url\":\"https:\/\/alkilautos.com\/blog\/\",\"sameAs\":[\"https:\/\/www.instagram.com\/alkilautoscolombia\/\",\"https:\/\/www.linkedin.com\/company-beta\/10467991?pathWildcard=10467991\",\"https:\/\/www.youtube.com\/channel\/UCHxCqeNPh--nu8RKUVrwpaA\",\"https:\/\/www.facebook.com\/alkilautos\",\"https:\/\/twitter.com\/alkilautos\"],\"logo\":{\"@type\":\"ImageObject\",\"inLanguage\":\"es\",\"@id\":\"https:\/\/alkilautos.com\/blog\/#\/schema\/logo\/image\/\",\"url\":\"https:\/\/alkilautos.com\/blog\/wp-content\/uploads\/2017\/02\/ALKILAUTOS.jpg\",\"contentUrl\":\"https:\/\/alkilautos.com\/blog\/wp-content\/uploads\/2017\/02\/ALKILAUTOS.jpg\",\"width\":1701,\"height\":1446,\"caption\":\"Alkilautos\"},\"image\":{\"@id\":\"https:\/\/alkilautos.com\/blog\/#\/schema\/logo\/image\/\"}},{\"@type\":\"Person\",\"@id\":\"https:\/\/alkilautos.com\/blog\/#\/schema\/person\/8297771e30891ea7dc692ebe99c2b297\",\"name\":\"Julieta\",\"image\":{\"@type\":\"ImageObject\",\"inLanguage\":\"es\",\"@id\":\"https:\/\/alkilautos.com\/blog\/#\/schema\/person\/image\/\",\"url\":\"https:\/\/secure.gravatar.com\/avatar\/e99b3d1dc837ddf98df0d65fa2066c8c?s=96&d=mm&r=g\",\"contentUrl\":\"https:\/\/secure.gravatar.com\/avatar\/e99b3d1dc837ddf98df0d65fa2066c8c?s=96&d=mm&r=g\",\"caption\":\"Julieta\"},\"sameAs\":[\"http:\/\/www.alkilautos.com\"]}]}<\/script>\n<!-- \/ Yoast SEO plugin. -->","yoast_head_json":{"title":"El primer viaje del beb\u00e9 por carretera -","description":"El primer viaje del beb\u00e9 por carretera es una experiencia muy emocionante que llena a toda la familia de emoci\u00f3n.","robots":{"index":"index","follow":"follow","max-snippet":"max-snippet:-1","max-image-preview":"max-image-preview:large","max-video-preview":"max-video-preview:-1"},"canonical":"https:\/\/alkilautos.com\/blog\/general\/primer-viaje-del-bebe-por-carretera\/","og_locale":"es_ES","og_type":"article","og_title":"El primer viaje del beb\u00e9 por carretera -","og_description":"El primer viaje del beb\u00e9 por carretera es una experiencia muy emocionante que llena a toda la familia de emoci\u00f3n.","og_url":"https:\/\/alkilautos.com\/blog\/general\/primer-viaje-del-bebe-por-carretera\/","og_site_name":"Alkilautos.com Blog","article_publisher":"https:\/\/www.facebook.com\/alkilautos","article_published_time":"2017-04-19T19:57:08+00:00","article_modified_time":"2023-04-17T20:59:07+00:00","og_image":[{"width":527,"height":275,"url":"https:\/\/alkilautos.com\/blog\/wp-content\/uploads\/2017\/04\/17.04.19-viaje-del-beb\u00e9-por-carretera-feliz.jpg","type":"image\/jpeg"}],"author":"Julieta","twitter_card":"summary_large_image","twitter_creator":"@alkilautos","twitter_site":"@alkilautos","twitter_misc":{"Escrito por":"Julieta","Tiempo de lectura":"6 minutos"},"schema":{"@context":"https:\/\/schema.org","@graph":[{"@type":"Article","@id":"https:\/\/alkilautos.com\/blog\/general\/primer-viaje-del-bebe-por-carretera\/#article","isPartOf":{"@id":"https:\/\/alkilautos.com\/blog\/general\/primer-viaje-del-bebe-por-carretera\/"},"author":{"name":"Julieta","@id":"https:\/\/alkilautos.com\/blog\/#\/schema\/person\/8297771e30891ea7dc692ebe99c2b297"},"headline":"El primer viaje del beb\u00e9 por carretera","datePublished":"2017-04-19T19:57:08+00:00","dateModified":"2023-04-17T20:59:07+00:00","mainEntityOfPage":{"@id":"https:\/\/alkilautos.com\/blog\/general\/primer-viaje-del-bebe-por-carretera\/"},"wordCount":1000,"commentCount":0,"publisher":{"@id":"https:\/\/alkilautos.com\/blog\/#organization"},"articleSection":["General"],"inLanguage":"es","potentialAction":[{"@type":"CommentAction","name":"Comment","target":["https:\/\/alkilautos.com\/blog\/general\/primer-viaje-del-bebe-por-carretera\/#respond"]}]},{"@type":"WebPage","@id":"https:\/\/alkilautos.com\/blog\/general\/primer-viaje-del-bebe-por-carretera\/","url":"https:\/\/alkilautos.com\/blog\/general\/primer-viaje-del-bebe-por-carretera\/","name":"El primer viaje del beb\u00e9 por carretera -","isPartOf":{"@id":"https:\/\/alkilautos.com\/blog\/#website"},"datePublished":"2017-04-19T19:57:08+00:00","dateModified":"2023-04-17T20:59:07+00:00","description":"El primer viaje del beb\u00e9 por carretera es una experiencia muy emocionante que llena a toda la familia de emoci\u00f3n.","breadcrumb":{"@id":"https:\/\/alkilautos.com\/blog\/general\/primer-viaje-del-bebe-por-carretera\/#breadcrumb"},"inLanguage":"es","potentialAction":[{"@type":"ReadAction","target":["https:\/\/alkilautos.com\/blog\/general\/primer-viaje-del-bebe-por-carretera\/"]}]},{"@type":"BreadcrumbList","@id":"https:\/\/alkilautos.com\/blog\/general\/primer-viaje-del-bebe-por-carretera\/#breadcrumb","itemListElement":[{"@type":"ListItem","position":1,"name":"Portada","item":"https:\/\/alkilautos.com\/blog\/"},{"@type":"ListItem","position":2,"name":"El primer viaje del beb\u00e9 por carretera"}]},{"@type":"WebSite","@id":"https:\/\/alkilautos.com\/blog\/#website","url":"https:\/\/alkilautos.com\/blog\/","name":"Alkilautos.com Blog","description":"Todo sobre el alquiler de carros y viajes","publisher":{"@id":"https:\/\/alkilautos.com\/blog\/#organization"},"potentialAction":[{"@type":"SearchAction","target":{"@type":"EntryPoint","urlTemplate":"https:\/\/alkilautos.com\/blog\/?s={search_term_string}"},"query-input":"required name=search_term_string"}],"inLanguage":"es"},{"@type":"Organization","@id":"https:\/\/alkilautos.com\/blog\/#organization","name":"Alkilautos","url":"https:\/\/alkilautos.com\/blog\/","sameAs":["https:\/\/www.instagram.com\/alkilautoscolombia\/","https:\/\/www.linkedin.com\/company-beta\/10467991?pathWildcard=10467991","https:\/\/www.youtube.com\/channel\/UCHxCqeNPh--nu8RKUVrwpaA","https:\/\/www.facebook.com\/alkilautos","https:\/\/twitter.com\/alkilautos"],"logo":{"@type":"ImageObject","inLanguage":"es","@id":"https:\/\/alkilautos.com\/blog\/#\/schema\/logo\/image\/","url":"https:\/\/alkilautos.com\/blog\/wp-content\/uploads\/2017\/02\/ALKILAUTOS.jpg","contentUrl":"https:\/\/alkilautos.com\/blog\/wp-content\/uploads\/2017\/02\/ALKILAUTOS.jpg","width":1701,"height":1446,"caption":"Alkilautos"},"image":{"@id":"https:\/\/alkilautos.com\/blog\/#\/schema\/logo\/image\/"}},{"@type":"Person","@id":"https:\/\/alkilautos.com\/blog\/#\/schema\/person\/8297771e30891ea7dc692ebe99c2b297","name":"Julieta","image":{"@type":"ImageObject","inLanguage":"es","@id":"https:\/\/alkilautos.com\/blog\/#\/schema\/person\/image\/","url":"https:\/\/secure.gravatar.com\/avatar\/e99b3d1dc837ddf98df0d65fa2066c8c?s=96&d=mm&r=g","contentUrl":"https:\/\/secure.gravatar.com\/avatar\/e99b3d1dc837ddf98df0d65fa2066c8c?s=96&d=mm&r=g","caption":"Julieta"},"sameAs":["http:\/\/www.alkilautos.com"]}]}},"_links":{"self":[{"href":"https:\/\/alkilautos.com\/blog\/wp-json\/wp\/v2\/posts\/665"}],"collection":[{"href":"https:\/\/alkilautos.com\/blog\/wp-json\/wp\/v2\/posts"}],"about":[{"href":"https:\/\/alkilautos.com\/blog\/wp-json\/wp\/v2\/types\/post"}],"author":[{"embeddable":true,"href":"https:\/\/alkilautos.com\/blog\/wp-json\/wp\/v2\/users\/1"}],"replies":[{"embeddable":true,"href":"https:\/\/alkilautos.com\/blog\/wp-json\/wp\/v2\/comments?post=665"}],"version-history":[{"count":5,"href":"https:\/\/alkilautos.com\/blog\/wp-json\/wp\/v2\/posts\/665\/revisions"}],"predecessor-version":[{"id":677,"href":"https:\/\/alkilautos.com\/blog\/wp-json\/wp\/v2\/posts\/665\/revisions\/677"}],"wp:featuredmedia":[{"embeddable":true,"href":"https:\/\/alkilautos.com\/blog\/wp-json\/wp\/v2\/media\/673"}],"wp:attachment":[{"href":"https:\/\/alkilautos.com\/blog\/wp-json\/wp\/v2\/media?parent=665"}],"wp:term":[{"taxonomy":"category","embeddable":true,"href":"https:\/\/alkilautos.com\/blog\/wp-json\/wp\/v2\/categories?post=665"},{"taxonomy":"post_tag","embeddable":true,"href":"https:\/\/alkilautos.com\/blog\/wp-json\/wp\/v2\/tags?post=665"}],"curies":[{"name":"wp","href":"https:\/\/api.w.org\/{rel}","templated":true}]}}