{"id":8022,"date":"2026-08-31T11:32:28","date_gmt":"2026-08-31T16:32:28","guid":{"rendered":"https:\/\/alkilautos.com\/blog\/?p=8022"},"modified":"2026-08-31T12:05:59","modified_gmt":"2026-08-31T17:05:59","slug":"guia-completa-para-conducir-en-santa-marta-parqueaderos-rutas-y-restricciones-2026","status":"publish","type":"post","link":"https:\/\/alkilautos.com\/blog\/colombia\/guia-completa-para-conducir-en-santa-marta-parqueaderos-rutas-y-restricciones-2026\/","title":{"rendered":"Gu\u00eda Completa para Conducir en Santa Marta: Parqueaderos, Rutas y Restricciones 2026"},"content":{"rendered":"\n<p style=\"text-align: justify;\"><span class=\"qwen-markdown-text\">Alquilar un carro en Santa Marta es la mejor decisi\u00f3n para explorar el Caribe colombiano a tu ritmo. Sin embargo, conocer las reglas de tr\u00e1nsito, las zonas de parqueo, el nuevo sistema de <strong class=\"qwen-markdown-strong\" dir=\"ltr\">pico y placa por horas<\/strong> y las rutas m\u00e1s seguras puede marcar la diferencia entre unas vacaciones inolvidables y una experiencia estresante. Esta gu\u00eda pr\u00e1ctica te revela todo lo que necesitas saber para <strong class=\"qwen-markdown-strong\" dir=\"ltr\">conducir en Santa Marta<\/strong> con total confianza, desde las tarifas de estacionamiento en El Rodadero hasta los mejores caminos para llegar al Parque Tayrona o Minca, pasando por las restricciones de movilidad vigentes desde 2025..<\/span><\/p>\n\n\n\n<h2 class=\"qwen-markdown-heading\" dir=\"ltr\"><span class=\"qwen-markdown-text\">Restricciones de Movilidad: \u00bfExiste Pico y Placa en Santa Marta?<\/span><\/h2>\n<h3 class=\"qwen-markdown-heading\" dir=\"ltr\" style=\"text-align: justify;\"><span class=\"qwen-markdown-text\">Situaci\u00f3n Actual del Pico y Placa<\/span><\/h3>\n<blockquote>\n<div class=\"qwen-markdown-paragraph\" dir=\"ltr\"><span class=\"qwen-markdown-text\" data-spm-anchor-id=\"a2ty_o01.29997173.0.i53.3ad955fbUbeso3\">Santa Marta implement\u00f3 pico y placa por horas para veh\u00edculos particulares mediante el Decreto N\u00b0 160 del 07 de mayo de 2025. La restricci\u00f3n aplica de lunes a viernes en tres franjas horarias: 7<span class=\"qwen-markdown-bidi-ltr\" dir=\"ltr\">:00-9:<\/span>00 am, 11:30 am-2:00 pm y 5<span class=\"qwen-markdown-bidi-ltr\" dir=\"ltr\">:00-8:<\/span>00 pm, seg\u00fan el \u00faltimo d\u00edgito de la placa<\/span><\/div>\n<\/blockquote>\n<div dir=\"ltr\">\u00a0<\/div>\n<div dir=\"ltr\"><span style=\"color: #1a202c; font-family: inherit; font-size: 24px; font-weight: bold;\">Horarios de Restricci\u00f3n<\/span><\/div>\n<div class=\"qwen-markdown-paragraph\" dir=\"ltr\">\n<div class=\"qwen-markdown-paragraph\" dir=\"ltr\"><span class=\"qwen-markdown-text\">La restricci\u00f3n aplica en <\/span><strong class=\"qwen-markdown-strong\" dir=\"ltr\"><span class=\"qwen-markdown-text\">tres franjas horarias<\/span><\/strong><span class=\"qwen-markdown-text\"> durante los d\u00edas h\u00e1biles:<\/span><\/div>\n<div class=\"qwen-markdown-space\">\u00a0<\/div>\n<ul class=\"qwen-markdown-list\" dir=\"ltr\">\n<li class=\"qwen-markdown-list-item\" dir=\"ltr\"><strong class=\"qwen-markdown-strong\" dir=\"ltr\"><span class=\"qwen-markdown-text\">Ma\u00f1ana:<\/span><\/strong><span class=\"qwen-markdown-text\"> 7:00 A.M. &#8211; 9:00 A.M.<\/span><\/li>\n<li class=\"qwen-markdown-list-item\" dir=\"ltr\"><strong class=\"qwen-markdown-strong\" dir=\"ltr\"><span class=\"qwen-markdown-text\">Mediod\u00eda:<\/span><\/strong><span class=\"qwen-markdown-text\"> 11:30 A.M. &#8211; 2:00 P.M.<\/span><\/li>\n<li class=\"qwen-markdown-list-item\" dir=\"ltr\"><strong class=\"qwen-markdown-strong\" dir=\"ltr\"><span class=\"qwen-markdown-text\">Tarde\/Noche:<\/span><\/strong><span class=\"qwen-markdown-text\"> 5:00 P.M. &#8211; 8:00 P.M.<\/span><\/li>\n<\/ul>\n<div class=\"qwen-markdown-paragraph\" dir=\"ltr\"><strong class=\"qwen-markdown-strong\" dir=\"ltr\"><span class=\"qwen-markdown-text\">Importante:<\/span><\/strong><span class=\"qwen-markdown-text\"> Fuera de estos horarios, los veh\u00edculos pueden circular libremente. Los <\/span><strong class=\"qwen-markdown-strong\" dir=\"ltr\"><span class=\"qwen-markdown-text\">fines de semana y festivos NO hay pico y placa<\/span><\/strong><span class=\"qwen-markdown-text\">, lo que facilita el turismo y las salidas recreativas.<\/span><\/div>\n<h3 class=\"qwen-markdown-heading\" dir=\"ltr\"><span class=\"qwen-markdown-text\">Sanciones por Incumplimiento<\/span><\/h3>\n<div class=\"qwen-markdown-paragraph\" dir=\"ltr\"><span class=\"qwen-markdown-text\">Si circulas durante las horas restringidas seg\u00fan tu placa, te arriesgas a:<\/span><\/div>\n<ul class=\"qwen-markdown-list\" dir=\"ltr\">\n<li class=\"qwen-markdown-list-item\" dir=\"ltr\"><strong class=\"qwen-markdown-strong\" dir=\"ltr\"><span class=\"qwen-markdown-text\">Multa de 15 SMLDV<\/span><\/strong><span class=\"qwen-markdown-text\"> (Salarios M\u00ednimos Legales Diarios Vigentes)<\/span><\/li>\n<li class=\"qwen-markdown-list-item\" dir=\"ltr\"><span class=\"qwen-markdown-text\">Para 2026, esto equivale aproximadamente a <\/span><strong class=\"qwen-markdown-strong\" dir=\"ltr\"><span class=\"qwen-markdown-text\">$17.000.000 COP<\/span><\/strong><\/li>\n<li class=\"qwen-markdown-list-item\" dir=\"ltr\"><span class=\"qwen-markdown-text\">Inmovilizaci\u00f3n del veh\u00edculo en algunos casos<\/span><\/li>\n<\/ul>\n<h3 class=\"qwen-markdown-heading\" dir=\"ltr\"><span class=\"qwen-markdown-text\">Excepciones al Pico y Placa<\/span><\/h3>\n<div class=\"qwen-markdown-paragraph\" dir=\"ltr\"><span class=\"qwen-markdown-text\">El decreto contempla excepciones para:<\/span><\/div>\n<ul class=\"qwen-markdown-list\" dir=\"ltr\">\n<li class=\"qwen-markdown-list-item\" dir=\"ltr\"><span class=\"qwen-markdown-text\">Veh\u00edculos de transporte p\u00fablico<\/span><\/li>\n<li class=\"qwen-markdown-list-item\" dir=\"ltr\"><span class=\"qwen-markdown-text\">Veh\u00edculos de emergencia (ambulancias, bomberos, polic\u00eda)<\/span><\/li>\n<li class=\"qwen-markdown-list-item\" dir=\"ltr\"><span class=\"qwen-markdown-text\" data-spm-anchor-id=\"a2ty_o01.29997173.0.i55.3ad955fbUbeso3\">Veh\u00edculos de personas con discapacidad (debidamente identificados)<\/span><\/li>\n<li class=\"qwen-markdown-list-item\" dir=\"ltr\"><span class=\"qwen-markdown-text\">Veh\u00edculos el\u00e9ctricos o h\u00edbridos (consultar normativa espec\u00edfica)<\/span><\/li>\n<li class=\"qwen-markdown-list-item\" dir=\"ltr\"><span class=\"qwen-markdown-text\">Casos de fuerza mayor debidamente justificados<\/span><\/li>\n<\/ul>\n<\/div>\n<p><span class=\"qwen-markdown-text\">Antes de tu viaje, consulta la p\u00e1gina web de la <\/span><a href=\"https:\/\/www.santamarta.gov.co\/\"><strong class=\"qwen-markdown-strong\" dir=\"ltr\"><span class=\"qwen-markdown-text\">Alcald\u00eda de Santa Marta<\/span><\/strong><\/a><span class=\"qwen-markdown-text\"> o las redes sociales de <\/span><strong class=\"qwen-markdown-strong\" dir=\"ltr\"><span class=\"qwen-markdown-text\">Tr\u00e1nsito y Transporte de Santa Marta<\/span><\/strong><span class=\"qwen-markdown-text\"> para verificar si hay restricciones activas durante tus fechas de visita.<\/span><\/p>\n\n\n<div class=\"wp-block-image\">\n<figure class=\"aligncenter size-full\"><img width=\"790\" height=\"435\" src=\"https:\/\/alkilautos.com\/blog\/wp-content\/uploads\/2019\/09\/ELRODADEROSANTAMARTACOL.jpg\" alt=\"\" class=\"wp-image-3544\" srcset=\"https:\/\/alkilautos.com\/blog\/wp-content\/uploads\/2019\/09\/ELRODADEROSANTAMARTACOL.jpg 790w, https:\/\/alkilautos.com\/blog\/wp-content\/uploads\/2019\/09\/ELRODADEROSANTAMARTACOL-300x165.jpg 300w, https:\/\/alkilautos.com\/blog\/wp-content\/uploads\/2019\/09\/ELRODADEROSANTAMARTACOL-768x423.jpg 768w\" sizes=\"(max-width: 790px) 100vw, 790px\" \/><figcaption>santamartacolombia.com.co<\/figcaption><\/figure><\/div>\n\n\n<h3 class=\"qwen-markdown-heading\" dir=\"ltr\"><span style=\"color: #1a202c; font-family: inherit; font-size: 28px; font-weight: bold;\">Tarifas y Zonas de Parqueo: D\u00f3nde y Cu\u00e1nto Pagar<\/span><\/h3>\n<div class=\"qwen-markdown-paragraph\" dir=\"ltr\">\n<h3 class=\"qwen-markdown-heading\" dir=\"ltr\" data-spm-anchor-id=\"a2ty_o01.29997173.0.i34.3ad955fbTzSm6S\"><span class=\"qwen-markdown-text\" data-spm-anchor-id=\"a2ty_o01.29997173.0.i38.3ad955fbTzSm6S\">Parqueo en el Centro Hist\u00f3rico<\/span><\/h3>\n<div class=\"qwen-markdown-paragraph\" dir=\"ltr\"><span class=\"qwen-markdown-text\">El <\/span><strong class=\"qwen-markdown-strong\" dir=\"ltr\"><span class=\"qwen-markdown-text\" data-spm-anchor-id=\"a2ty_o01.29997173.0.i35.3ad955fbTzSm6S\">Centro Hist\u00f3rico de Santa Marta<\/span><\/strong><span class=\"qwen-markdown-text\" data-spm-anchor-id=\"a2ty_o01.29997173.0.i36.3ad955fbTzSm6S\"> es una zona de alta demanda tur\u00edstica con calles estrechas y oferta limitada de estacionamiento en la v\u00eda p\u00fablica.<\/span><\/div>\n<div class=\"qwen-markdown-space\">\u00a0<\/div>\n<div class=\"qwen-markdown-paragraph\" dir=\"ltr\"><strong class=\"qwen-markdown-strong\" dir=\"ltr\"><span class=\"qwen-markdown-text\">Tarifas aproximadas:<\/span><\/strong><\/div>\n<ul class=\"qwen-markdown-list\" dir=\"ltr\">\n<li class=\"qwen-markdown-list-item\" dir=\"ltr\"><strong class=\"qwen-markdown-strong\" dir=\"ltr\"><span class=\"qwen-markdown-text\">Parqueaderos p\u00fablicos:<\/span><\/strong><span class=\"qwen-markdown-text\"> $4.000 &#8211; $6.000 COP por hora<\/span><\/li>\n<li class=\"qwen-markdown-list-item\" dir=\"ltr\"><strong class=\"qwen-markdown-strong\" dir=\"ltr\"><span class=\"qwen-markdown-text\">Parqueo por d\u00eda completo:<\/span><\/strong><span class=\"qwen-markdown-text\"> $25.000 &#8211; $35.000 COP<\/span><\/li>\n<li class=\"qwen-markdown-list-item\" dir=\"ltr\"><strong class=\"qwen-markdown-strong\" dir=\"ltr\"><span class=\"qwen-markdown-text\">Parqueaderos privados (centros comerciales):<\/span><\/strong><span class=\"qwen-markdown-text\"> $3.000 &#8211; $5.000 COP por hora<\/span><\/li>\n<\/ul>\n<div class=\"qwen-markdown-paragraph\" dir=\"ltr\"><strong class=\"qwen-markdown-strong\" dir=\"ltr\"><span class=\"qwen-markdown-text\">Recomendaciones:<\/span><\/strong><\/div>\n<ul class=\"qwen-markdown-list\" dir=\"ltr\" data-spm-anchor-id=\"a2ty_o01.29997173.0.i32.3ad955fbTzSm6S\">\n<li class=\"qwen-markdown-list-item\" dir=\"ltr\"><span class=\"qwen-markdown-text\">Utiliza parqueaderos privados como el del <\/span><strong class=\"qwen-markdown-strong\" dir=\"ltr\"><span class=\"qwen-markdown-text\">Centro Comercial Plaza de Bol\u00edvar<\/span><\/strong><span class=\"qwen-markdown-text\"> o el <\/span><strong class=\"qwen-markdown-strong\" dir=\"ltr\"><span class=\"qwen-markdown-text\">Parqueadero La 22<\/span><\/strong><span class=\"qwen-markdown-text\" data-spm-anchor-id=\"a2ty_o01.29997173.0.i33.3ad955fbTzSm6S\"> para mayor seguridad.<\/span><\/li>\n<li class=\"qwen-markdown-list-item\" dir=\"ltr\"><span class=\"qwen-markdown-text\">Evita dejar objetos de valor a la vista en el veh\u00edculo.<\/span><\/li>\n<li class=\"qwen-markdown-list-item\" dir=\"ltr\" data-spm-anchor-id=\"a2ty_o01.29997173.0.i31.3ad955fbTzSm6S\"><span class=\"qwen-markdown-text\">Recorre el centro caminando: la Catedral, el Parque de los Novios y la Casa de la Aduana est\u00e1n a pocas cuadras.<\/span><\/li>\n<\/ul>\n<h3 class=\"qwen-markdown-heading\" dir=\"ltr\"><span class=\"qwen-markdown-text\">Parqueo en El Rodadero<\/span><\/h3>\n<div class=\"qwen-markdown-paragraph\" dir=\"ltr\"><strong class=\"qwen-markdown-strong\" dir=\"ltr\"><span class=\"qwen-markdown-text\">El Rodadero<\/span><\/strong><span class=\"qwen-markdown-text\"> es el principal sector tur\u00edstico de Santa Marta y cuenta con mejor infraestructura de parqueo.<\/span><\/div>\n<div class=\"qwen-markdown-space\">\u00a0<\/div>\n<div class=\"qwen-markdown-paragraph\" dir=\"ltr\"><strong class=\"qwen-markdown-strong\" dir=\"ltr\"><span class=\"qwen-markdown-text\">Tarifas aproximadas:<\/span><\/strong><\/div>\n<ul class=\"qwen-markdown-list\" dir=\"ltr\">\n<li class=\"qwen-markdown-list-item\" dir=\"ltr\"><strong class=\"qwen-markdown-strong\" dir=\"ltr\"><span class=\"qwen-markdown-text\">Zona hotelera:<\/span><\/strong><span class=\"qwen-markdown-text\"> Muchos hoteles ofrecen parqueadero gratuito para hu\u00e9spedes<\/span><\/li>\n<li class=\"qwen-markdown-list-item\" dir=\"ltr\"><strong class=\"qwen-markdown-strong\" dir=\"ltr\"><span class=\"qwen-markdown-text\">Parqueaderos p\u00fablicos:<\/span><\/strong><span class=\"qwen-markdown-text\"> $3.000 &#8211; $5.000 COP por hora<\/span><\/li>\n<li class=\"qwen-markdown-list-item\" dir=\"ltr\"><strong class=\"qwen-markdown-strong\" dir=\"ltr\"><span class=\"qwen-markdown-text\">Parqueo en centros comerciales (Mall Plaza, Granahorrar):<\/span><\/strong><span class=\"qwen-markdown-text\"> $3.000 COP por hora o $20.000 COP por d\u00eda<\/span><\/li>\n<\/ul>\n<div class=\"qwen-markdown-paragraph\" dir=\"ltr\"><strong class=\"qwen-markdown-strong\" dir=\"ltr\"><span class=\"qwen-markdown-text\">Consejo:<\/span><\/strong><span class=\"qwen-markdown-text\"> Si te hospedas en El Rodadero, pregunta si tu alojamiento incluye parqueadero. La mayor\u00eda de hoteles y apartamentos tur\u00edsticos en la Carrera 1 o Carrera 2 ofrecen este servicio sin costo adicional.<\/span><\/div>\n<h3 class=\"qwen-markdown-heading\" dir=\"ltr\"><span class=\"qwen-markdown-text\">Parqueo en Otras Zonas Tur\u00edsticas<\/span><\/h3>\n<ul class=\"qwen-markdown-list\" dir=\"ltr\">\n<li class=\"qwen-markdown-list-item\" dir=\"ltr\"><strong class=\"qwen-markdown-strong\" dir=\"ltr\"><span class=\"qwen-markdown-text\">Bello Horizonte:<\/span><\/strong><span class=\"qwen-markdown-text\"> $3.000 &#8211; $4.000 COP por hora. Zona residencial con hoteles boutique que suelen tener parqueadero privado.<\/span><\/li>\n<li class=\"qwen-markdown-list-item\" dir=\"ltr\"><strong class=\"qwen-markdown-strong\" dir=\"ltr\"><span class=\"qwen-markdown-text\">Taganga:<\/span><\/strong><span class=\"qwen-markdown-text\"> $2.000 &#8211; $3.000 COP por hora. Pueblo pesquero con estacionamiento limitado; llega temprano los fines de semana.<\/span><\/li>\n<li class=\"qwen-markdown-list-item\" dir=\"ltr\"><strong class=\"qwen-markdown-strong\" dir=\"ltr\"><span class=\"qwen-markdown-text\">Pozos Colorados:<\/span><\/strong><span class=\"qwen-markdown-text\"> Generalmente gratuito en hoteles y resorts. Zona de desarrollo tur\u00edstico con amplia disponibilidad.<\/span><\/li>\n<li class=\"qwen-markdown-list-item\" dir=\"ltr\"><strong class=\"qwen-markdown-strong\" dir=\"ltr\"><span class=\"qwen-markdown-text\">Minca:<\/span><\/strong><span class=\"qwen-markdown-text\"> Parqueo gratuito en la mayor\u00eda de hostales y fincas. Las v\u00edas son estrechas; estaciona solo en zonas designadas.<\/span><\/li>\n<\/ul>\n<\/div>\n<div class=\"qwen-markdown-paragraph\" dir=\"ltr\">\n<blockquote>\n<div class=\"qwen-markdown-paragraph\" dir=\"ltr\"><span class=\"qwen-markdown-text\" data-spm-anchor-id=\"a2ty_o01.29997173.0.i39.3ad955fbTzSm6S\">Para conducir de forma segura en Santa Marta, se recomienda usar carro econ\u00f3mico para la ciudad y El Rodadero, mientras que una SUV es ideal si planeas visitar Minca o recorrer m\u00faltiples destinos del Caribe. Las principales v\u00edas est\u00e1n en buen estado, pero es com\u00fan encontrar motocicletas y peatones compartiendo la carretera.<\/span><\/div>\n<\/blockquote>\n<\/div>\n\n\n\n<figure class=\"wp-block-image alignwide size-full\"><img width=\"770\" height=\"450\" src=\"https:\/\/alkilautos.com\/blog\/wp-content\/uploads\/2018\/06\/18.06.19-Destinos-para-viajar-con-pap\u00e1-Santa-Marta.jpg\" alt=\"Santa Marta en carro\" class=\"wp-image-2348\" srcset=\"https:\/\/alkilautos.com\/blog\/wp-content\/uploads\/2018\/06\/18.06.19-Destinos-para-viajar-con-pap\u00e1-Santa-Marta.jpg 770w, https:\/\/alkilautos.com\/blog\/wp-content\/uploads\/2018\/06\/18.06.19-Destinos-para-viajar-con-pap\u00e1-Santa-Marta-300x175.jpg 300w, https:\/\/alkilautos.com\/blog\/wp-content\/uploads\/2018\/06\/18.06.19-Destinos-para-viajar-con-pap\u00e1-Santa-Marta-768x449.jpg 768w\" sizes=\"(max-width: 770px) 100vw, 770px\" \/><figcaption>wradio.com<\/figcaption><\/figure>\n\n\n\n<h2>Requisitos Documentales para Alquilar y Conducir en Santa Marta<\/h2>\n\n\n\n<h3>Documentos Obligatorios<\/h3>\n\n\n\n<p>Para recoger tu veh\u00edculo de alquiler en <strong>Santa Marta<\/strong>, debes presentar:<\/p>\n\n\n\n<ol><li><strong>Licencia de conducci\u00f3n vigente:<\/strong><ul><li>Colombianos: Licencia f\u00edsica original<\/li><li>Extranjeros: Licencia de tu pa\u00eds de origen (debe estar en alfabeto latino o acompa\u00f1ada de licencia internacional)<\/li><\/ul><\/li><li><strong>Documento de identidad:<\/strong><ul><li>Colombianos: C\u00e9dula de ciudadan\u00eda original<\/li><li>Extranjeros: Pasaporte vigente o c\u00e9dula de extranjer\u00eda<\/li><\/ul><\/li><li><strong>Tarjeta de cr\u00e9dito:<\/strong><ul><li>Debe estar a nombre del conductor principal<\/li><li>Con cupo suficiente para el bloqueo del dep\u00f3sito de garant\u00eda (generalmente entre $1.000.000 y $3.000.000 COP dependiendo de la categor\u00eda del veh\u00edculo)<\/li><li>Aceptadas: Visa, Mastercard, American Express y Diners Club<\/li><\/ul><\/li><li><strong>Voucher de reserva:<\/strong><ul><li>Impreso o en formato digital desde <strong>Alkilautos.com<\/strong><\/li><li>Confirma la tarifa, categor\u00eda del veh\u00edculo y coberturas contratadas<\/li><\/ul><\/li><\/ol>\n\n\n\n<h3>Edad M\u00ednima y Recargos<\/h3>\n\n\n\n<ul><li><strong>Edad m\u00ednima:<\/strong> 21 a\u00f1os para la mayor\u00eda de veh\u00edculos<\/li><li><strong>Veh\u00edculos de lujo o SUV grandes:<\/strong> Pueden requerir 25 a\u00f1os o m\u00e1s<\/li><li><strong>Recargo por conductor joven:<\/strong> Algunas rentadoras aplican un cargo adicional (aproximadamente $50.000 COP por d\u00eda) para conductores menores de 25 a\u00f1os<\/li><\/ul>\n\n\n\n<h3>Seguro y Coberturas<\/h3>\n\n\n\n<p>Todos los veh\u00edculos de alquiler en Colombia deben tener:<\/p>\n\n\n\n<ul><li><strong>SOAT (Seguro Obligatorio de Accidentes de Tr\u00e1nsito):<\/strong> Cubre lesiones a personas<\/li><li><strong>Seguro de Responsabilidad Civil:<\/strong> Cubre da\u00f1os a terceros<\/li><li><strong>Seguro contra todo riesgo (opcional pero recomendado):<\/strong> Reduce o elimina la franquicia en caso de da\u00f1os al veh\u00edculo<\/li><\/ul>\n\n\n\n<p><strong>Importante:<\/strong> Pregunta siempre por el monto de la <strong>franquicia<\/strong> (deducible) antes de aceptar el veh\u00edculo. Puede oscilar entre $1.200.000 y $5.000.000 COP dependiendo de la rentadora y categor\u00eda del auto.<\/p>\n\n\n\n<p>En <strong>alkil<\/strong><a href=\"https:\/\/alkilautos.com\/alquiler-carros-santa-marta\/\">https:\/\/alkilautos.com\/alquiler-carros-santa-marta\/<\/a><strong>autos.com<\/strong> comparamos las mejores rentadoras de Santa Marta para que encuentres el <strong>precio final real<\/strong>, sin cargos ocultos ni sorpresas desagradables. Reserva con anticipaci\u00f3n, elige tu veh\u00edculo ideal y prep\u00e1rate para vivir una aventura inolvidable sobre ruedas.<\/p>\n\n\n\n<p><strong>\u00a1El Caribe colombiano te espera!<\/strong> \ud83d\ude97\ud83c\udf34<\/p>\n<!-- AddThis Advanced Settings generic via filter on the_content --><!-- AddThis Share Buttons generic via filter on the_content -->","protected":false},"excerpt":{"rendered":"<p>Alquilar un carro en Santa Marta es la mejor decisi\u00f3n para explorar el Caribe colombiano a tu ritmo. Sin embargo, conocer las reglas de tr\u00e1nsito, las zonas de parqueo, el nuevo sistema de pico y placa por horas y las rutas m\u00e1s seguras puede marcar la diferencia entre unas vacaciones inolvidables y una experiencia estresante&#8230;.<!-- AddThis Advanced Settings generic via filter on get_the_excerpt --><!-- AddThis Share Buttons generic via filter on get_the_excerpt --><\/p>\n","protected":false},"author":6,"featured_media":1984,"comment_status":"closed","ping_status":"0","sticky":false,"template":"","format":"standard","meta":{"om_disable_all_campaigns":false,"_monsterinsights_skip_tracking":false,"_kad_post_transparent":"","_kad_post_title":"","_kad_post_layout":"","_kad_post_sidebar_id":"","_kad_post_content_style":"","_kad_post_vertical_padding":"","_kad_post_feature":"","_kad_post_feature_position":"","_kad_post_header":false,"_kad_post_footer":false},"categories":[5],"tags":[],"yoast_head":"<!-- This site is optimized with the Yoast SEO plugin v19.8 - https:\/\/yoast.com\/wordpress\/plugins\/seo\/ -->\n<title>Gu\u00eda Completa para Conducir en Santa Marta<\/title>\n<meta name=\"description\" content=\"Gu\u00eda Completa para Conducir en Santa Marta: Alquilar un carro en Santa Marta es la mejor decisi\u00f3n para explorar el Caribe colombiano\" \/>\n<meta name=\"robots\" content=\"index, follow, max-snippet:-1, max-image-preview:large, max-video-preview:-1\" \/>\n<link rel=\"canonical\" href=\"https:\/\/alkilautos.com\/blog\/colombia\/guia-completa-para-conducir-en-santa-marta-parqueaderos-rutas-y-restricciones-2026\/\" \/>\n<meta property=\"og:locale\" content=\"es_ES\" \/>\n<meta property=\"og:type\" content=\"article\" \/>\n<meta property=\"og:title\" content=\"Gu\u00eda Completa para Conducir en Santa Marta\" \/>\n<meta property=\"og:description\" content=\"Gu\u00eda Completa para Conducir en Santa Marta: Alquilar un carro en Santa Marta es la mejor decisi\u00f3n para explorar el Caribe colombiano\" \/>\n<meta property=\"og:url\" content=\"https:\/\/alkilautos.com\/blog\/colombia\/guia-completa-para-conducir-en-santa-marta-parqueaderos-rutas-y-restricciones-2026\/\" \/>\n<meta property=\"og:site_name\" content=\"Alkilautos.com Blog\" \/>\n<meta property=\"article:publisher\" content=\"https:\/\/www.facebook.com\/alkilautos\" \/>\n<meta property=\"article:published_time\" content=\"2026-08-31T16:32:28+00:00\" \/>\n<meta property=\"article:modified_time\" content=\"2026-08-31T17:05:59+00:00\" \/>\n<meta property=\"og:image\" content=\"https:\/\/alkilautos.com\/blog\/wp-content\/uploads\/2018\/02\/18.02.09-Destinos-para-Disfrutar-en-San-Valentin-Renta-Autos-Santa-Marta.jpg\" \/>\n\t<meta property=\"og:image:width\" content=\"1747\" \/>\n\t<meta property=\"og:image:height\" content=\"979\" \/>\n\t<meta property=\"og:image:type\" content=\"image\/jpeg\" \/>\n<meta name=\"author\" content=\"Diana Lamus\" \/>\n<meta name=\"twitter:card\" content=\"summary_large_image\" \/>\n<meta name=\"twitter:creator\" content=\"@alkilautos\" \/>\n<meta name=\"twitter:site\" content=\"@alkilautos\" \/>\n<meta name=\"twitter:label1\" content=\"Escrito por\" \/>\n\t<meta name=\"twitter:data1\" content=\"Diana Lamus\" \/>\n\t<meta name=\"twitter:label2\" content=\"Tiempo de lectura\" \/>\n\t<meta name=\"twitter:data2\" content=\"5 minutos\" \/>\n<script type=\"application\/ld+json\" class=\"yoast-schema-graph\">{\"@context\":\"https:\/\/schema.org\",\"@graph\":[{\"@type\":\"Article\",\"@id\":\"https:\/\/alkilautos.com\/blog\/colombia\/guia-completa-para-conducir-en-santa-marta-parqueaderos-rutas-y-restricciones-2026\/#article\",\"isPartOf\":{\"@id\":\"https:\/\/alkilautos.com\/blog\/colombia\/guia-completa-para-conducir-en-santa-marta-parqueaderos-rutas-y-restricciones-2026\/\"},\"author\":{\"name\":\"Diana Lamus\",\"@id\":\"https:\/\/alkilautos.com\/blog\/#\/schema\/person\/576e891300f1fac03ef66832ddc8775f\"},\"headline\":\"Gu\u00eda Completa para Conducir en Santa Marta: Parqueaderos, Rutas y Restricciones 2026\",\"datePublished\":\"2026-08-31T16:32:28+00:00\",\"dateModified\":\"2026-08-31T17:05:59+00:00\",\"mainEntityOfPage\":{\"@id\":\"https:\/\/alkilautos.com\/blog\/colombia\/guia-completa-para-conducir-en-santa-marta-parqueaderos-rutas-y-restricciones-2026\/\"},\"wordCount\":1042,\"publisher\":{\"@id\":\"https:\/\/alkilautos.com\/blog\/#organization\"},\"articleSection\":[\"Colombia\"],\"inLanguage\":\"es\"},{\"@type\":\"WebPage\",\"@id\":\"https:\/\/alkilautos.com\/blog\/colombia\/guia-completa-para-conducir-en-santa-marta-parqueaderos-rutas-y-restricciones-2026\/\",\"url\":\"https:\/\/alkilautos.com\/blog\/colombia\/guia-completa-para-conducir-en-santa-marta-parqueaderos-rutas-y-restricciones-2026\/\",\"name\":\"Gu\u00eda Completa para Conducir en Santa Marta\",\"isPartOf\":{\"@id\":\"https:\/\/alkilautos.com\/blog\/#website\"},\"datePublished\":\"2026-08-31T16:32:28+00:00\",\"dateModified\":\"2026-08-31T17:05:59+00:00\",\"description\":\"Gu\u00eda Completa para Conducir en Santa Marta: Alquilar un carro en Santa Marta es la mejor decisi\u00f3n para explorar el Caribe colombiano\",\"breadcrumb\":{\"@id\":\"https:\/\/alkilautos.com\/blog\/colombia\/guia-completa-para-conducir-en-santa-marta-parqueaderos-rutas-y-restricciones-2026\/#breadcrumb\"},\"inLanguage\":\"es\",\"potentialAction\":[{\"@type\":\"ReadAction\",\"target\":[\"https:\/\/alkilautos.com\/blog\/colombia\/guia-completa-para-conducir-en-santa-marta-parqueaderos-rutas-y-restricciones-2026\/\"]}]},{\"@type\":\"BreadcrumbList\",\"@id\":\"https:\/\/alkilautos.com\/blog\/colombia\/guia-completa-para-conducir-en-santa-marta-parqueaderos-rutas-y-restricciones-2026\/#breadcrumb\",\"itemListElement\":[{\"@type\":\"ListItem\",\"position\":1,\"name\":\"Portada\",\"item\":\"https:\/\/alkilautos.com\/blog\/\"},{\"@type\":\"ListItem\",\"position\":2,\"name\":\"Gu\u00eda Completa para Conducir en Santa Marta: Parqueaderos, Rutas y Restricciones 2026\"}]},{\"@type\":\"WebSite\",\"@id\":\"https:\/\/alkilautos.com\/blog\/#website\",\"url\":\"https:\/\/alkilautos.com\/blog\/\",\"name\":\"Alkilautos.com Blog\",\"description\":\"Todo sobre el alquiler de carros y viajes\",\"publisher\":{\"@id\":\"https:\/\/alkilautos.com\/blog\/#organization\"},\"potentialAction\":[{\"@type\":\"SearchAction\",\"target\":{\"@type\":\"EntryPoint\",\"urlTemplate\":\"https:\/\/alkilautos.com\/blog\/?s={search_term_string}\"},\"query-input\":\"required name=search_term_string\"}],\"inLanguage\":\"es\"},{\"@type\":\"Organization\",\"@id\":\"https:\/\/alkilautos.com\/blog\/#organization\",\"name\":\"Alkilautos\",\"url\":\"https:\/\/alkilautos.com\/blog\/\",\"sameAs\":[\"https:\/\/www.instagram.com\/alkilautoscolombia\/\",\"https:\/\/www.linkedin.com\/company-beta\/10467991?pathWildcard=10467991\",\"https:\/\/www.youtube.com\/channel\/UCHxCqeNPh--nu8RKUVrwpaA\",\"https:\/\/www.facebook.com\/alkilautos\",\"https:\/\/twitter.com\/alkilautos\"],\"logo\":{\"@type\":\"ImageObject\",\"inLanguage\":\"es\",\"@id\":\"https:\/\/alkilautos.com\/blog\/#\/schema\/logo\/image\/\",\"url\":\"https:\/\/alkilautos.com\/blog\/wp-content\/uploads\/2017\/02\/ALKILAUTOS.jpg\",\"contentUrl\":\"https:\/\/alkilautos.com\/blog\/wp-content\/uploads\/2017\/02\/ALKILAUTOS.jpg\",\"width\":1701,\"height\":1446,\"caption\":\"Alkilautos\"},\"image\":{\"@id\":\"https:\/\/alkilautos.com\/blog\/#\/schema\/logo\/image\/\"}},{\"@type\":\"Person\",\"@id\":\"https:\/\/alkilautos.com\/blog\/#\/schema\/person\/576e891300f1fac03ef66832ddc8775f\",\"name\":\"Diana Lamus\",\"image\":{\"@type\":\"ImageObject\",\"inLanguage\":\"es\",\"@id\":\"https:\/\/alkilautos.com\/blog\/#\/schema\/person\/image\/\",\"url\":\"https:\/\/secure.gravatar.com\/avatar\/58becb0cc5f47c1293bb4aa1847f423a?s=96&d=mm&r=g\",\"contentUrl\":\"https:\/\/secure.gravatar.com\/avatar\/58becb0cc5f47c1293bb4aa1847f423a?s=96&d=mm&r=g\",\"caption\":\"Diana Lamus\"}}]}<\/script>\n<!-- \/ Yoast SEO plugin. -->","yoast_head_json":{"title":"Gu\u00eda Completa para Conducir en Santa Marta","description":"Gu\u00eda Completa para Conducir en Santa Marta: Alquilar un carro en Santa Marta es la mejor decisi\u00f3n para explorar el Caribe colombiano","robots":{"index":"index","follow":"follow","max-snippet":"max-snippet:-1","max-image-preview":"max-image-preview:large","max-video-preview":"max-video-preview:-1"},"canonical":"https:\/\/alkilautos.com\/blog\/colombia\/guia-completa-para-conducir-en-santa-marta-parqueaderos-rutas-y-restricciones-2026\/","og_locale":"es_ES","og_type":"article","og_title":"Gu\u00eda Completa para Conducir en Santa Marta","og_description":"Gu\u00eda Completa para Conducir en Santa Marta: Alquilar un carro en Santa Marta es la mejor decisi\u00f3n para explorar el Caribe colombiano","og_url":"https:\/\/alkilautos.com\/blog\/colombia\/guia-completa-para-conducir-en-santa-marta-parqueaderos-rutas-y-restricciones-2026\/","og_site_name":"Alkilautos.com Blog","article_publisher":"https:\/\/www.facebook.com\/alkilautos","article_published_time":"2026-08-31T16:32:28+00:00","article_modified_time":"2026-08-31T17:05:59+00:00","og_image":[{"width":1747,"height":979,"url":"https:\/\/alkilautos.com\/blog\/wp-content\/uploads\/2018\/02\/18.02.09-Destinos-para-Disfrutar-en-San-Valentin-Renta-Autos-Santa-Marta.jpg","type":"image\/jpeg"}],"author":"Diana Lamus","twitter_card":"summary_large_image","twitter_creator":"@alkilautos","twitter_site":"@alkilautos","twitter_misc":{"Escrito por":"Diana Lamus","Tiempo de lectura":"5 minutos"},"schema":{"@context":"https:\/\/schema.org","@graph":[{"@type":"Article","@id":"https:\/\/alkilautos.com\/blog\/colombia\/guia-completa-para-conducir-en-santa-marta-parqueaderos-rutas-y-restricciones-2026\/#article","isPartOf":{"@id":"https:\/\/alkilautos.com\/blog\/colombia\/guia-completa-para-conducir-en-santa-marta-parqueaderos-rutas-y-restricciones-2026\/"},"author":{"name":"Diana Lamus","@id":"https:\/\/alkilautos.com\/blog\/#\/schema\/person\/576e891300f1fac03ef66832ddc8775f"},"headline":"Gu\u00eda Completa para Conducir en Santa Marta: Parqueaderos, Rutas y Restricciones 2026","datePublished":"2026-08-31T16:32:28+00:00","dateModified":"2026-08-31T17:05:59+00:00","mainEntityOfPage":{"@id":"https:\/\/alkilautos.com\/blog\/colombia\/guia-completa-para-conducir-en-santa-marta-parqueaderos-rutas-y-restricciones-2026\/"},"wordCount":1042,"publisher":{"@id":"https:\/\/alkilautos.com\/blog\/#organization"},"articleSection":["Colombia"],"inLanguage":"es"},{"@type":"WebPage","@id":"https:\/\/alkilautos.com\/blog\/colombia\/guia-completa-para-conducir-en-santa-marta-parqueaderos-rutas-y-restricciones-2026\/","url":"https:\/\/alkilautos.com\/blog\/colombia\/guia-completa-para-conducir-en-santa-marta-parqueaderos-rutas-y-restricciones-2026\/","name":"Gu\u00eda Completa para Conducir en Santa Marta","isPartOf":{"@id":"https:\/\/alkilautos.com\/blog\/#website"},"datePublished":"2026-08-31T16:32:28+00:00","dateModified":"2026-08-31T17:05:59+00:00","description":"Gu\u00eda Completa para Conducir en Santa Marta: Alquilar un carro en Santa Marta es la mejor decisi\u00f3n para explorar el Caribe colombiano","breadcrumb":{"@id":"https:\/\/alkilautos.com\/blog\/colombia\/guia-completa-para-conducir-en-santa-marta-parqueaderos-rutas-y-restricciones-2026\/#breadcrumb"},"inLanguage":"es","potentialAction":[{"@type":"ReadAction","target":["https:\/\/alkilautos.com\/blog\/colombia\/guia-completa-para-conducir-en-santa-marta-parqueaderos-rutas-y-restricciones-2026\/"]}]},{"@type":"BreadcrumbList","@id":"https:\/\/alkilautos.com\/blog\/colombia\/guia-completa-para-conducir-en-santa-marta-parqueaderos-rutas-y-restricciones-2026\/#breadcrumb","itemListElement":[{"@type":"ListItem","position":1,"name":"Portada","item":"https:\/\/alkilautos.com\/blog\/"},{"@type":"ListItem","position":2,"name":"Gu\u00eda Completa para Conducir en Santa Marta: Parqueaderos, Rutas y Restricciones 2026"}]},{"@type":"WebSite","@id":"https:\/\/alkilautos.com\/blog\/#website","url":"https:\/\/alkilautos.com\/blog\/","name":"Alkilautos.com Blog","description":"Todo sobre el alquiler de carros y viajes","publisher":{"@id":"https:\/\/alkilautos.com\/blog\/#organization"},"potentialAction":[{"@type":"SearchAction","target":{"@type":"EntryPoint","urlTemplate":"https:\/\/alkilautos.com\/blog\/?s={search_term_string}"},"query-input":"required name=search_term_string"}],"inLanguage":"es"},{"@type":"Organization","@id":"https:\/\/alkilautos.com\/blog\/#organization","name":"Alkilautos","url":"https:\/\/alkilautos.com\/blog\/","sameAs":["https:\/\/www.instagram.com\/alkilautoscolombia\/","https:\/\/www.linkedin.com\/company-beta\/10467991?pathWildcard=10467991","https:\/\/www.youtube.com\/channel\/UCHxCqeNPh--nu8RKUVrwpaA","https:\/\/www.facebook.com\/alkilautos","https:\/\/twitter.com\/alkilautos"],"logo":{"@type":"ImageObject","inLanguage":"es","@id":"https:\/\/alkilautos.com\/blog\/#\/schema\/logo\/image\/","url":"https:\/\/alkilautos.com\/blog\/wp-content\/uploads\/2017\/02\/ALKILAUTOS.jpg","contentUrl":"https:\/\/alkilautos.com\/blog\/wp-content\/uploads\/2017\/02\/ALKILAUTOS.jpg","width":1701,"height":1446,"caption":"Alkilautos"},"image":{"@id":"https:\/\/alkilautos.com\/blog\/#\/schema\/logo\/image\/"}},{"@type":"Person","@id":"https:\/\/alkilautos.com\/blog\/#\/schema\/person\/576e891300f1fac03ef66832ddc8775f","name":"Diana Lamus","image":{"@type":"ImageObject","inLanguage":"es","@id":"https:\/\/alkilautos.com\/blog\/#\/schema\/person\/image\/","url":"https:\/\/secure.gravatar.com\/avatar\/58becb0cc5f47c1293bb4aa1847f423a?s=96&d=mm&r=g","contentUrl":"https:\/\/secure.gravatar.com\/avatar\/58becb0cc5f47c1293bb4aa1847f423a?s=96&d=mm&r=g","caption":"Diana Lamus"}}]}},"_links":{"self":[{"href":"https:\/\/alkilautos.com\/blog\/wp-json\/wp\/v2\/posts\/8022"}],"collection":[{"href":"https:\/\/alkilautos.com\/blog\/wp-json\/wp\/v2\/posts"}],"about":[{"href":"https:\/\/alkilautos.com\/blog\/wp-json\/wp\/v2\/types\/post"}],"author":[{"embeddable":true,"href":"https:\/\/alkilautos.com\/blog\/wp-json\/wp\/v2\/users\/6"}],"replies":[{"embeddable":true,"href":"https:\/\/alkilautos.com\/blog\/wp-json\/wp\/v2\/comments?post=8022"}],"version-history":[{"count":4,"href":"https:\/\/alkilautos.com\/blog\/wp-json\/wp\/v2\/posts\/8022\/revisions"}],"predecessor-version":[{"id":8029,"href":"https:\/\/alkilautos.com\/blog\/wp-json\/wp\/v2\/posts\/8022\/revisions\/8029"}],"wp:featuredmedia":[{"embeddable":true,"href":"https:\/\/alkilautos.com\/blog\/wp-json\/wp\/v2\/media\/1984"}],"wp:attachment":[{"href":"https:\/\/alkilautos.com\/blog\/wp-json\/wp\/v2\/media?parent=8022"}],"wp:term":[{"taxonomy":"category","embeddable":true,"href":"https:\/\/alkilautos.com\/blog\/wp-json\/wp\/v2\/categories?post=8022"},{"taxonomy":"post_tag","embeddable":true,"href":"https:\/\/alkilautos.com\/blog\/wp-json\/wp\/v2\/tags?post=8022"}],"curies":[{"name":"wp","href":"https:\/\/api.w.org\/{rel}","templated":true}]}}